{"id":9381,"date":"2018-07-11T09:55:03","date_gmt":"2018-07-11T09:55:03","guid":{"rendered":"http:\/\/web.palmaactiva.com\/?p=9381"},"modified":"2018-07-11T09:55:03","modified_gmt":"2018-07-11T09:55:03","slug":"49-persones-opten-a-un-dels-25-llocs-de-feina-de-la-jornada-de-seleccio-de-personal-organitzada-per-palmaactiva-per-a-hotelbeds-group","status":"publish","type":"post","link":"https:\/\/web.palmaactiva.com\/es\/49-persones-opten-a-un-dels-25-llocs-de-feina-de-la-jornada-de-seleccio-de-personal-organitzada-per-palmaactiva-per-a-hotelbeds-group\/","title":{"rendered":"49 personas optan a uno de los 25 puestos de trabajo de la jornada de selecci\u00f3n de personal organizada por PalmaActiva para Hotelbeds Group"},"content":{"rendered":"<h3>El Ayuntamiento de Palma, a trav\u00e9s de PalmaActiva, organiza conjuntamente con empresas estas jornadas de selecci\u00f3n de personal para ayudar a los ciudadanos que buscan trabajo.<\/h3>\n<figure id=\"attachment_9383\" aria-describedby=\"caption-attachment-9383\" style=\"width: 1400px\" class=\"wp-caption alignnone\"><img decoding=\"async\" loading=\"lazy\" src=\"https:\/\/web.palmaactiva.com\/wp-content\/uploads\/2018\/07\/2018.07.11-Sel.-Hotelbeds-6.jpg\" alt=\"49 personas optan a uno de los 25 puestos de trabajo de la jornada de selecci\u00f3n de personal organizada por PalmaActiva para Hotelbeds Group\" width=\"1400\" height=\"933\" class=\"size-full wp-image-9383\" \/><figcaption id=\"caption-attachment-9383\" class=\"wp-caption-text\">49 personas optan a uno de los 25 puestos de trabajo de la jornada de selecci\u00f3n de personal organizada por PalmaActiva para Hotelbeds Group<\/figcaption><\/figure>PalmaActiva ha llevado a cabo este mi\u00e9rcoles una jornada de selecci\u00f3n de personal para cubrir puestos de trabajo de agente de servicio al cliente para <strong>Hotelbeds Group<\/strong>. En las entrevistas han acudido 39 personas y 10 han entregado su CV pesar de no poder asistir. La mayor\u00eda de estas personas son paradas o en situaci\u00f3n de mejora de empleo, y han sido seleccionadas previamente por PalmaActiva.<\/p>\n<p>Pr\u00f3ximamente Hotelbeds Group incorporar\u00e1 25 agentes de servicio al cliente. Por ello, la empresa busca un perfil que cumpla requisitos como los siguientes: posesi\u00f3n del t\u00edtulo de Bachiller, excelente nivel de ingl\u00e9s y otros idiomas europeos (franc\u00e9s, alem\u00e1n, ruso &#8230;), altos conocimientos de inform\u00e1tica experiencia previa en servicio al cliente.<\/p>\n<p><img decoding=\"async\" src=\"https:\/\/web.palmaactiva.com\/wp-content\/uploads\/2018\/07\/2018.07.11-Sel.-Hotelbeds-12-1024x682.jpg\" alt=\"\" width=\"440\" class=\"alignleft size-large wp-image-9384\" \/>En una primera fase de selecci\u00f3n en l\u00ednea se inscribieron m\u00e1s de 100 personas, de las cuales han pasado a la siguiente fase 49 candidaturas. Estos han sido los que han participado hoy mi\u00e9rcoles en la jornada de selecci\u00f3n y han protagonizado una serie de pruebas grupales e individuales donde han tenido que demostrar su experiencia y sus dotes de cara al cliente.<\/p>\n<p><strong>Joana Maria Adrover<\/strong>, concejala de Turismo, Comercio y Trabajo, destaca que esta jornada de selecci\u00f3n de personal haya tenido una buena repercusi\u00f3n, <em>\u00abaunque est\u00e1 ya en plena temporada alta\u00bb<\/em>.<\/p>\n<p>PalmaActiva ha apoyado a la empresa durante todas las fases de esta selecci\u00f3n: dando difusi\u00f3n de la oferta en redes sociales, haciendo la primera selecci\u00f3n curricular y citando los candidatos seleccionados al evento. Adem\u00e1s, este mi\u00e9rcoles ha cedido un espacio en su sede para acoger los preseleccionados y facilitar la realizaci\u00f3n de din\u00e1micas en grupo y entrevistas individuales.<\/p>\n<p>Adrover ha destacado tambi\u00e9n que <em>\u00abeste 2018 se han realizado ya 11 jornadas de selecci\u00f3n a las que se han ofrecido m\u00e1s de 700 puestos de trabajo\u00bb<\/em>. Las empresas que han utilizado este servicio de PalmaActiva al que llevamos de 2018 han sido: BQ Hoteles, Europcar, Thomas Cook ,, Ok Rent-a-car, Urban Food, Starbucks, Cata Culinary Project, Areas, Ferrer Hoteles y Hotelbeds.<br \/>","protected":false},"excerpt":{"rendered":"<p>El Ayuntamiento de Palma, a trav\u00e9s de PalmaActiva, organiza conjuntamente con empresas estas jornadas de selecci\u00f3n de personal para ayudar a los ciudadanos que buscan trabajo. PalmaActiva ha llevado a cabo este mi\u00e9rcoles una jornada de selecci\u00f3n de personal para cubrir puestos de trabajo de agente de servicio al cliente para Hotelbeds Group. En las [&hellip;]<\/p>\n","protected":false},"author":1,"featured_media":0,"comment_status":"open","ping_status":"open","sticky":false,"template":"","format":"standard","meta":{"footnotes":""},"categories":[12,11],"tags":[],"_links":{"self":[{"href":"https:\/\/web.palmaactiva.com\/es\/wp-json\/wp\/v2\/posts\/9381"}],"collection":[{"href":"https:\/\/web.palmaactiva.com\/es\/wp-json\/wp\/v2\/posts"}],"about":[{"href":"https:\/\/web.palmaactiva.com\/es\/wp-json\/wp\/v2\/types\/post"}],"author":[{"embeddable":true,"href":"https:\/\/web.palmaactiva.com\/es\/wp-json\/wp\/v2\/users\/1"}],"replies":[{"embeddable":true,"href":"https:\/\/web.palmaactiva.com\/es\/wp-json\/wp\/v2\/comments?post=9381"}],"version-history":[{"count":2,"href":"https:\/\/web.palmaactiva.com\/es\/wp-json\/wp\/v2\/posts\/9381\/revisions"}],"predecessor-version":[{"id":9385,"href":"https:\/\/web.palmaactiva.com\/es\/wp-json\/wp\/v2\/posts\/9381\/revisions\/9385"}],"wp:attachment":[{"href":"https:\/\/web.palmaactiva.com\/es\/wp-json\/wp\/v2\/media?parent=9381"}],"wp:term":[{"taxonomy":"category","embeddable":true,"href":"https:\/\/web.palmaactiva.com\/es\/wp-json\/wp\/v2\/categories?post=9381"},{"taxonomy":"post_tag","embeddable":true,"href":"https:\/\/web.palmaactiva.com\/es\/wp-json\/wp\/v2\/tags?post=9381"}],"curies":[{"name":"wp","href":"https:\/\/api.w.org\/{rel}","templated":true}]}}