{"id":8404,"date":"2018-06-26T12:14:24","date_gmt":"2018-06-26T12:14:24","guid":{"rendered":"http:\/\/web.palmaactiva.com\/?p=8404"},"modified":"2018-06-26T12:14:39","modified_gmt":"2018-06-26T12:14:39","slug":"protocol-de-collaboracio-entre-palmaactiva-i-tirme","status":"publish","type":"post","link":"https:\/\/web.palmaactiva.com\/es\/protocol-de-collaboracio-entre-palmaactiva-i-tirme\/","title":{"rendered":"Protocolo de colaboraci\u00f3n entre PalmaActiva y TIRME"},"content":{"rendered":"<h3>La empresa se ha adherido a la Red Activa de Empresas de la Agencia de Desarrollo Local del Ayuntamiento de Palma.<\/h3>\n<figure id=\"attachment_8405\" aria-describedby=\"caption-attachment-8405\" style=\"width: 1200px\" class=\"wp-caption alignnone\"><img decoding=\"async\" loading=\"lazy\" src=\"https:\/\/web.palmaactiva.com\/wp-content\/uploads\/2018\/06\/2016.06.26-Firma-Tirme-1.jpg\" alt=\"Protocolo de colaboraci\u00f3n entre PalmaActiva y TIRME\" width=\"1200\" height=\"800\" class=\"size-full wp-image-8405\" \/><figcaption id=\"caption-attachment-8405\" class=\"wp-caption-text\">Protocolo de colaboraci\u00f3n entre PalmaActiva y TIRME<\/figcaption><\/figure><strong>Joana Maria Adrover<\/strong>, concejala de Turismo, Comercio y Trabajo, y <strong>Rafael Guinea<\/strong>, director de TIRME, han firmado hoy un protocolo de colaboraci\u00f3n mediante el que TIRME adhiere a la Red Activa de Empresas de PalmaActiva.<\/p>\n<p>La Red Activa de Empresas tiene por finalidad llevar a cabo medidas de actuaci\u00f3n en torno al empleo, la formaci\u00f3n y el emprendimiento, y, en general, acciones que puedan mejorar el desarrollo local y el posicionamiento de las personas en el mercado laboral ; y colaborar en la incorporaci\u00f3n al mercado de trabajo de personas en edad laboral especialmente vulnerables, como los j\u00f3venes y mayores de 45 a\u00f1os.<\/p>\n<p>Seg\u00fan Joana Maria Adrover, PalmaActiva, de acuerdo con su plan estrat\u00e9gico y con el Pacto Local para el Empleo, ha creado esta Red Activa de Empresas para tratar de afrontar la precariedad laboral, la temporalidad y la p\u00e9rdida de derechos que afecta especialmente a los trabajadores j\u00f3venes y mayores de 45 a\u00f1os: <em>\u00abPensamos que la mejor manera de intentar mejorar la situaci\u00f3n es la colaboraci\u00f3n p\u00fablico\u00bb<\/em>.<\/p>\n<p>TIRME es la empresa concesionaria encargada de aportar soluciones medioambientales en la gesti\u00f3n de residuos urbanos de Mallorca y est\u00e1 comprometida con la responsabilidad social corporativa, tal como se recoge en sus planes de acci\u00f3n y en su sistema de calidad. <em>\u00abEste acuerdo de colaboraci\u00f3n nos satisface y abunda en esta l\u00ednea de trabajo\u00bb<\/em>, asegura el director de TIRME Rafael Guinea.<\/p>\n<p>Las actividades de PalmaActiva en las que TIRME participar\u00e1 son: pr\u00e1cticas formativas no laborales, intermediaci\u00f3n laboral mediante la Agencia de Colocaci\u00f3n de PalmaActiva y visitas de grupos en la empresa.<br \/>","protected":false},"excerpt":{"rendered":"<p>La empresa se ha adherido a la Red Activa de Empresas de la Agencia de Desarrollo Local del Ayuntamiento de Palma. Joana Maria Adrover, concejala de Turismo, Comercio y Trabajo, y Rafael Guinea, director de TIRME, han firmado hoy un protocolo de colaboraci\u00f3n mediante el que TIRME adhiere a la Red Activa de Empresas de [&hellip;]<\/p>\n","protected":false},"author":1,"featured_media":0,"comment_status":"open","ping_status":"open","sticky":false,"template":"","format":"standard","meta":{"footnotes":""},"categories":[12,11],"tags":[],"_links":{"self":[{"href":"https:\/\/web.palmaactiva.com\/es\/wp-json\/wp\/v2\/posts\/8404"}],"collection":[{"href":"https:\/\/web.palmaactiva.com\/es\/wp-json\/wp\/v2\/posts"}],"about":[{"href":"https:\/\/web.palmaactiva.com\/es\/wp-json\/wp\/v2\/types\/post"}],"author":[{"embeddable":true,"href":"https:\/\/web.palmaactiva.com\/es\/wp-json\/wp\/v2\/users\/1"}],"replies":[{"embeddable":true,"href":"https:\/\/web.palmaactiva.com\/es\/wp-json\/wp\/v2\/comments?post=8404"}],"version-history":[{"count":3,"href":"https:\/\/web.palmaactiva.com\/es\/wp-json\/wp\/v2\/posts\/8404\/revisions"}],"predecessor-version":[{"id":8409,"href":"https:\/\/web.palmaactiva.com\/es\/wp-json\/wp\/v2\/posts\/8404\/revisions\/8409"}],"wp:attachment":[{"href":"https:\/\/web.palmaactiva.com\/es\/wp-json\/wp\/v2\/media?parent=8404"}],"wp:term":[{"taxonomy":"category","embeddable":true,"href":"https:\/\/web.palmaactiva.com\/es\/wp-json\/wp\/v2\/categories?post=8404"},{"taxonomy":"post_tag","embeddable":true,"href":"https:\/\/web.palmaactiva.com\/es\/wp-json\/wp\/v2\/tags?post=8404"}],"curies":[{"name":"wp","href":"https:\/\/api.w.org\/{rel}","templated":true}]}}