{"id":8188,"date":"2018-06-22T10:08:10","date_gmt":"2018-06-22T10:08:10","guid":{"rendered":"http:\/\/web.palmaactiva.com\/?p=8188"},"modified":"2018-06-22T10:08:10","modified_gmt":"2018-06-22T10:08:10","slug":"inauguracio-de-lexposicio-fotografica-del-cataleg-destabliments-emblematics-de-palma","status":"publish","type":"post","link":"https:\/\/web.palmaactiva.com\/es\/inauguracio-de-lexposicio-fotografica-del-cataleg-destabliments-emblematics-de-palma\/","title":{"rendered":"Inauguraci\u00f3n de la exposici\u00f3n fotogr\u00e1fica del cat\u00e1logo de establecimientos emblem\u00e1ticos de Palma"},"content":{"rendered":"<h3>\n<ul>\n<li>La exposici\u00f3n quiere concienciar a la ciudadan\u00eda hacia los valores de estos establecimientos.<\/li>\n<li>Joana Maria Adrover ha inaugurado esta ma\u00f1ana la muestra, que permanecer\u00e1 esta semana en la plaza de Cort y que la pr\u00f3xima semana se trasladar\u00e1 al Paseo del Borne.<\/li>\n<\/ul>\n<\/h3>\n<figure id=\"attachment_8190\" aria-describedby=\"caption-attachment-8190\" style=\"width: 1600px\" class=\"wp-caption alignnone\"><img decoding=\"async\" loading=\"lazy\" src=\"https:\/\/web.palmaactiva.com\/wp-content\/uploads\/2018\/06\/IMG-20180622-WA0007.jpg\" alt=\"Inauguraci\u00f3n de la exposici\u00f3n fotogr\u00e1fica del cat\u00e1logo de establecimientos emblem\u00e1ticos de Palma\" width=\"1600\" height=\"994\" class=\"size-full wp-image-8190\" \/><figcaption id=\"caption-attachment-8190\" class=\"wp-caption-text\">Inauguraci\u00f3n de la exposici\u00f3n fotogr\u00e1fica del cat\u00e1logo de establecimientos emblem\u00e1ticos de Palma<\/figcaption><\/figure>\nLa concejala de Turismo, Comercio y Trabajo, <strong>Joana Maria Adrover<\/strong>, ha inaugurado hoy en la plaza de Cort una exposici\u00f3n fotogr\u00e1fica con im\u00e1genes del cat\u00e1logo de establecimientos emblem\u00e1ticos de Palma. La muestra la ha organizado el \u00e1rea de Comercio de PalmaActiva. Seg\u00fan Adrover, <em>\u00abcon esta exposici\u00f3n, que recoge los 78 establecimientos emblem\u00e1ticos que forman parte del cat\u00e1logo del Ayuntamiento, queremos que tanto los residentes como los turistas puedan identificar, los conozcan, sepan d\u00f3nde est\u00e1n&#8230;\u00bb<\/em>. La concejala a\u00f1ade: <em>\u00abCon esta exhibici\u00f3n, y con otras acciones como el proyecto \u00abComercio y escuela\u00bb, desde el \u00e1rea de Comercio queremos concienciar a la ciudadan\u00eda hacia los valores del establecimientos locales y de proximidad\u00bb<\/em>. Adrover tambi\u00e9n ha se\u00f1alado que con esta muestra se quiere transmitir el mensaje <em>\u00abque con nuestro comportamiento tenemos la opci\u00f3n de contribuir a preservar los locales que dotan de personalidad y de rasgos diferenciadores nuestra ciudad\u00bb<\/em>.<\/p>\n<p><img decoding=\"async\" src=\"https:\/\/web.palmaactiva.com\/wp-content\/uploads\/2018\/06\/IMG-20180622-WA0001-1024x768.jpg\" alt=\"Inauguraci\u00f3n de la exposici\u00f3n fotogr\u00e1fica del cat\u00e1logo de establecimientos emblem\u00e1ticos de Palma\" width=\"440\" class=\"alignleft size-large wp-image-8189\" srcset=\"https:\/\/web.palmaactiva.com\/wp-content\/uploads\/2018\/06\/IMG-20180622-WA0001-1024x768.jpg 1024w, https:\/\/web.palmaactiva.com\/wp-content\/uploads\/2018\/06\/IMG-20180622-WA0001-300x225.jpg 300w, https:\/\/web.palmaactiva.com\/wp-content\/uploads\/2018\/06\/IMG-20180622-WA0001-768x576.jpg 768w, https:\/\/web.palmaactiva.com\/wp-content\/uploads\/2018\/06\/IMG-20180622-WA0001.jpg 1600w\" sizes=\"(max-width: 1024px) 100vw, 1024px\" \/>Adem\u00e1s de la concejala de Comercio, a la inauguraci\u00f3n de la exposici\u00f3n han asistido tambi\u00e9n Sergio G\u00f3mez, director general de Comercio; Francisca Niell, coordinadora general de Cultura, Patrimonio, Memoria Hist\u00f3rica y Pol\u00edtica Ling\u00fc\u00edstica; Josep Magraner, gerente de la Asociaci\u00f3n de Panaderos y Pasteleros de las Islas Baleares y varios titulares de los establecimientos que forman el cat\u00e1logo.<\/p>\n<p>La exposici\u00f3n tiene 20 paneles que recogen im\u00e1genes de los 78 establecimientos de cat\u00e1logo -de cada local se incluye una fotograf\u00eda actual, acompa\u00f1ada de un pie de imagen donde aparece el nombre del establecimiento, su direcci\u00f3n y el tipo de actividad que desarrollo. Esta es una muestra que tiene vocaci\u00f3n itinerante y que se prev\u00e9 que se ubique en diferentes lugares y barriadas de la ciudad. La exposici\u00f3n estar\u00e1 ubicada esta semana en la plaza de Cort y el mes de julio se podr\u00e1 ver en el paseo del Born.<br \/>","protected":false},"excerpt":{"rendered":"<p>La exposici\u00f3n quiere concienciar a la ciudadan\u00eda hacia los valores de estos establecimientos. Joana Maria Adrover ha inaugurado esta ma\u00f1ana la muestra, que permanecer\u00e1 esta semana en la plaza de Cort y que la pr\u00f3xima semana se trasladar\u00e1 al Paseo del Borne. La concejala de Turismo, Comercio y Trabajo, Joana Maria Adrover, ha inaugurado hoy [&hellip;]<\/p>\n","protected":false},"author":1,"featured_media":8189,"comment_status":"open","ping_status":"open","sticky":false,"template":"","format":"standard","meta":{"footnotes":""},"categories":[29,11],"tags":[],"_links":{"self":[{"href":"https:\/\/web.palmaactiva.com\/es\/wp-json\/wp\/v2\/posts\/8188"}],"collection":[{"href":"https:\/\/web.palmaactiva.com\/es\/wp-json\/wp\/v2\/posts"}],"about":[{"href":"https:\/\/web.palmaactiva.com\/es\/wp-json\/wp\/v2\/types\/post"}],"author":[{"embeddable":true,"href":"https:\/\/web.palmaactiva.com\/es\/wp-json\/wp\/v2\/users\/1"}],"replies":[{"embeddable":true,"href":"https:\/\/web.palmaactiva.com\/es\/wp-json\/wp\/v2\/comments?post=8188"}],"version-history":[{"count":5,"href":"https:\/\/web.palmaactiva.com\/es\/wp-json\/wp\/v2\/posts\/8188\/revisions"}],"predecessor-version":[{"id":8197,"href":"https:\/\/web.palmaactiva.com\/es\/wp-json\/wp\/v2\/posts\/8188\/revisions\/8197"}],"wp:featuredmedia":[{"embeddable":true,"href":"https:\/\/web.palmaactiva.com\/es\/wp-json\/wp\/v2\/media\/8189"}],"wp:attachment":[{"href":"https:\/\/web.palmaactiva.com\/es\/wp-json\/wp\/v2\/media?parent=8188"}],"wp:term":[{"taxonomy":"category","embeddable":true,"href":"https:\/\/web.palmaactiva.com\/es\/wp-json\/wp\/v2\/categories?post=8188"},{"taxonomy":"post_tag","embeddable":true,"href":"https:\/\/web.palmaactiva.com\/es\/wp-json\/wp\/v2\/tags?post=8188"}],"curies":[{"name":"wp","href":"https:\/\/api.w.org\/{rel}","templated":true}]}}