{"id":56633,"date":"2026-09-03T13:55:23","date_gmt":"2026-09-03T11:55:23","guid":{"rendered":"https:\/\/web.palmaactiva.com\/?p=56633"},"modified":"2026-09-03T13:55:23","modified_gmt":"2026-09-03T11:55:23","slug":"palmaactiva-contracta-13-persones-joves-qualificades-en-el-marc-del-programa-soib-oportunitats-docupacio-per-a-persones-joves-qualificades-en-entitats-locals-2026-2027","status":"publish","type":"post","link":"https:\/\/web.palmaactiva.com\/es\/palmaactiva-contracta-13-persones-joves-qualificades-en-el-marc-del-programa-soib-oportunitats-docupacio-per-a-persones-joves-qualificades-en-entitats-locals-2026-2027\/","title":{"rendered":"PalmaActiva contrata a 13 personas j\u00f3venes cualificadas en el marco del programa \u201cSOIB Oportunidades de empleo para personas J\u00f3venes Cualificadas en Entidades Locales 2026-2027\u201d"},"content":{"rendered":"<p>&nbsp;<\/p>\n<p><img decoding=\"async\" loading=\"lazy\" class=\"alignnone wp-image-56638 size-large\" src=\"https:\/\/web.palmaactiva.com\/wp-content\/uploads\/2026\/09\/2026.09.03-Bienvenida-Joves-Qualificats-CL3-1-1024x682.jpg\" alt=\"\" width=\"640\" height=\"426\" srcset=\"https:\/\/web.palmaactiva.com\/wp-content\/uploads\/2026\/09\/2026.09.03-Bienvenida-Joves-Qualificats-CL3-1-1024x682.jpg 1024w, https:\/\/web.palmaactiva.com\/wp-content\/uploads\/2026\/09\/2026.09.03-Bienvenida-Joves-Qualificats-CL3-1-300x200.jpg 300w, https:\/\/web.palmaactiva.com\/wp-content\/uploads\/2026\/09\/2026.09.03-Bienvenida-Joves-Qualificats-CL3-1-768x512.jpg 768w, https:\/\/web.palmaactiva.com\/wp-content\/uploads\/2026\/09\/2026.09.03-Bienvenida-Joves-Qualificats-CL3-1-1536x1024.jpg 1536w, https:\/\/web.palmaactiva.com\/wp-content\/uploads\/2026\/09\/2026.09.03-Bienvenida-Joves-Qualificats-CL3-1.jpg 1772w\" sizes=\"(max-width: 640px) 100vw, 640px\" \/><\/p>\n<p><img decoding=\"async\" loading=\"lazy\" class=\"alignnone wp-image-56641 size-large\" src=\"https:\/\/web.palmaactiva.com\/wp-content\/uploads\/2026\/09\/2026.09.03-Bienvenida-Joves-Qualificats-CL4-1024x682.jpg\" alt=\"\" width=\"640\" height=\"426\" srcset=\"https:\/\/web.palmaactiva.com\/wp-content\/uploads\/2026\/09\/2026.09.03-Bienvenida-Joves-Qualificats-CL4-1024x682.jpg 1024w, https:\/\/web.palmaactiva.com\/wp-content\/uploads\/2026\/09\/2026.09.03-Bienvenida-Joves-Qualificats-CL4-300x200.jpg 300w, https:\/\/web.palmaactiva.com\/wp-content\/uploads\/2026\/09\/2026.09.03-Bienvenida-Joves-Qualificats-CL4-768x512.jpg 768w, https:\/\/web.palmaactiva.com\/wp-content\/uploads\/2026\/09\/2026.09.03-Bienvenida-Joves-Qualificats-CL4-1536x1024.jpg 1536w, https:\/\/web.palmaactiva.com\/wp-content\/uploads\/2026\/09\/2026.09.03-Bienvenida-Joves-Qualificats-CL4.jpg 1772w\" sizes=\"(max-width: 640px) 100vw, 640px\" \/><\/p>\n<p><img decoding=\"async\" loading=\"lazy\" class=\"alignnone wp-image-56639 size-large\" src=\"https:\/\/web.palmaactiva.com\/wp-content\/uploads\/2026\/09\/2026.09.03-Bienvenida-Joves-Qualificats-CL-1024x682.jpg\" alt=\"\" width=\"640\" height=\"426\" srcset=\"https:\/\/web.palmaactiva.com\/wp-content\/uploads\/2026\/09\/2026.09.03-Bienvenida-Joves-Qualificats-CL-1024x682.jpg 1024w, https:\/\/web.palmaactiva.com\/wp-content\/uploads\/2026\/09\/2026.09.03-Bienvenida-Joves-Qualificats-CL-300x200.jpg 300w, https:\/\/web.palmaactiva.com\/wp-content\/uploads\/2026\/09\/2026.09.03-Bienvenida-Joves-Qualificats-CL-768x512.jpg 768w, https:\/\/web.palmaactiva.com\/wp-content\/uploads\/2026\/09\/2026.09.03-Bienvenida-Joves-Qualificats-CL-1536x1024.jpg 1536w, https:\/\/web.palmaactiva.com\/wp-content\/uploads\/2026\/09\/2026.09.03-Bienvenida-Joves-Qualificats-CL.jpg 1772w\" sizes=\"(max-width: 640px) 100vw, 640px\" \/><\/p>\n<h3>Har\u00e1n trabajo en diferentes \u00e1reas del Ajuntament de Palma durante un per\u00edodo de 12 meses<\/h3>\nLa regidora de Comer\u00e7, Restauraci\u00f3 i Aut\u00f2noms, Lupe Ferrer, y la consellera de Treball, Funci\u00f3 P\u00fablica i Di\u00e0leg Social, Catalina Cabrer, han dado hoy la bienvenida oficial a las 13 personas j\u00f3venes cualificadas que acaban de comenzar a trabajar en el Ajuntament gracias a un programa de inserci\u00f3n laboral promovido por el SOIB.<\/p>\n<p>Tambi\u00e9n han asistido al acto, que ha tenido lugar en PalmaActiva, la gerente de PalmaActiva, Carmen Aguil\u00f3, y la directora del SOIB, Maria Luj\u00e1n Olivera.<\/p>\n<p>El pasado 27 de agosto, 13 personas j\u00f3venes cualificadas iniciaron esta etapa profesional en el Ajuntament de Palma. Esta incorporaci\u00f3n se enmarca en el programa\u201cSOIB Oportunidades de empleo para personas J\u00f3venes Cualificadas en Entidades Locales 2026-2027\u201d.<\/p>\n<p>Ferrer ha afirmado que, con estas incorporaciones, \u201cel Ajuntament de Palma refuerza su plantilla con talento joven y cualificado, al tiempo que reafirma el compromiso con la profesionalizaci\u00f3n de los servicios p\u00fablicos y contribuye a generar oportunidades laborales de calidad para las nuevas generaciones\u201d.<\/p>\n<p>El objeto de esta convocatoria es regular la concesi\u00f3n de subvenciones destinadas a financiar los costes laborales, incluida la cotizaci\u00f3n empresarial a la Seguridad Social, que se deriven de la contrataci\u00f3n de personas j\u00f3venes desempleadas mayores de 18 a\u00f1os y menores de 30 a\u00f1os, inscritas como demandantes de empleo en el SOIB y beneficiarias del Sistema Nacional de Garant\u00eda Juvenil, que sean contratadas por parte de las entidades que determina esta convocatoria, para realizar tareas adecuadas a su titulaci\u00f3n.<\/p>\n<p>El programa \u201cSOIB Oportunidades de empleo para personas J\u00f3venes Cualificadas en Entidades Locales 2026-2027\u201des promovido por el SOIB y cuenta con la cofinanciaci\u00f3n de la Conferencia Sectorial de Empleo y Asuntos Laborales y de la Uni\u00f3n Europea (FSE+). Para ejecutar este proyecto, PalmaActiva dispone de una subvenci\u00f3n concedida por el SOIB por un importe de 465.294,70 \u20ac.<\/p>\n<p>Las personas contratadas llevar\u00e1n a cabo funciones t\u00e9cnicas y de apoyo en diferentes \u00e1reas del Ajuntament de Palma durante un periodo de 12 meses.<\/p>\n<p>Los perfiles profesionales que se han incorporado son los siguientes:<\/p>\n<ul>\n<li>T\u00e9cnico\/a en gesti\u00f3n jur\u00eddica (4)<\/li>\n<li>T\u00e9cnico\/a en gesti\u00f3n econ\u00f3mica (2)<\/li>\n<li>T\u00e9cnico\/a de administraci\u00f3n y gesti\u00f3n p\u00fablica (2)<\/li>\n<li>T\u00e9cnico\/a soci\u00f3logo\/a<\/li>\n<li>T\u00e9cnico\/a en protocolo<\/li>\n<li>T\u00e9cnico\/a de apoyo en comunicaci\u00f3n<\/li>\n<li>T\u00e9cnico\/a de obras<\/li>\n<li>T\u00e9cnico\/a de apoyo de marketing y publicidad<\/li>\n<\/ul>\n<p>Con esta nueva convocatoria de \u201c\u201cSOIB Oportunidades de empleo para personas J\u00f3venes Cualificadas en Entidades Locales 2026-2027\u201d, el Ajuntament de Palma, PalmaActiva y el SOIB apuestan por dar continuidad a este programa gracias a los excelentes resultados obtenidos en los \u00faltimos a\u00f1os.<\/p>\n<p>M\u00e9s info: <a href=\"https:\/\/soib.es\/informacio-i-ofertes-soib-oportunitats-ocupacio-persones-joves-qualificades-en-entitats-locals-2026\/\">https:\/\/soib.es\/informacio-i-ofertes-soib-oportunitats-ocupacio-persones-joves-qualificades-en-entitats-locals-2026\/<\/a><\/p>","protected":false},"excerpt":{"rendered":"<p>&nbsp; Har\u00e1n trabajo en diferentes \u00e1reas del Ajuntament de Palma durante un per\u00edodo de 12 meses La regidora de Comer\u00e7, Restauraci\u00f3 i Aut\u00f2noms, Lupe Ferrer, y la consellera de Treball, Funci\u00f3 P\u00fablica i Di\u00e0leg Social, Catalina Cabrer, han dado hoy la bienvenida oficial a las 13 personas j\u00f3venes cualificadas que acaban de comenzar a trabajar [&hellip;]<\/p>\n","protected":false},"author":11,"featured_media":56634,"comment_status":"closed","ping_status":"open","sticky":false,"template":"","format":"standard","meta":{"footnotes":""},"categories":[12,14,11],"tags":[370,52,32,56],"_links":{"self":[{"href":"https:\/\/web.palmaactiva.com\/es\/wp-json\/wp\/v2\/posts\/56633"}],"collection":[{"href":"https:\/\/web.palmaactiva.com\/es\/wp-json\/wp\/v2\/posts"}],"about":[{"href":"https:\/\/web.palmaactiva.com\/es\/wp-json\/wp\/v2\/types\/post"}],"author":[{"embeddable":true,"href":"https:\/\/web.palmaactiva.com\/es\/wp-json\/wp\/v2\/users\/11"}],"replies":[{"embeddable":true,"href":"https:\/\/web.palmaactiva.com\/es\/wp-json\/wp\/v2\/comments?post=56633"}],"version-history":[{"count":3,"href":"https:\/\/web.palmaactiva.com\/es\/wp-json\/wp\/v2\/posts\/56633\/revisions"}],"predecessor-version":[{"id":56643,"href":"https:\/\/web.palmaactiva.com\/es\/wp-json\/wp\/v2\/posts\/56633\/revisions\/56643"}],"wp:featuredmedia":[{"embeddable":true,"href":"https:\/\/web.palmaactiva.com\/es\/wp-json\/wp\/v2\/media\/56634"}],"wp:attachment":[{"href":"https:\/\/web.palmaactiva.com\/es\/wp-json\/wp\/v2\/media?parent=56633"}],"wp:term":[{"taxonomy":"category","embeddable":true,"href":"https:\/\/web.palmaactiva.com\/es\/wp-json\/wp\/v2\/categories?post=56633"},{"taxonomy":"post_tag","embeddable":true,"href":"https:\/\/web.palmaactiva.com\/es\/wp-json\/wp\/v2\/tags?post=56633"}],"curies":[{"name":"wp","href":"https:\/\/api.w.org\/{rel}","templated":true}]}}