{"id":54027,"date":"2025-09-09T09:41:25","date_gmt":"2025-09-09T07:41:25","guid":{"rendered":"https:\/\/web.palmaactiva.com\/?p=54027"},"modified":"2025-09-09T09:41:25","modified_gmt":"2025-09-09T07:41:25","slug":"cort-i-pimeco-organitzen-la-primera-edicio-de-passeig-musical-amb-concerts-gratuits-en-zones-emblematiques-de-la-ciutat","status":"publish","type":"post","link":"https:\/\/web.palmaactiva.com\/es\/cort-i-pimeco-organitzen-la-primera-edicio-de-passeig-musical-amb-concerts-gratuits-en-zones-emblematiques-de-la-ciutat\/","title":{"rendered":"Cort y PIMECO organizan la primera edici\u00f3n de \u201cPaseo Musical\u201d con conciertos gratuitos en zonas emblem\u00e1ticas de la ciudad"},"content":{"rendered":"<h3>El evento, que se celebrar\u00e1 el s\u00e1bado 27 de septiembre, busca dinamizar el comercio local y acercar la cultura a las calles y plazas<\/h3>\n<p>&nbsp;<\/p>\n<p><img decoding=\"async\" loading=\"lazy\" class=\"alignnone size-medium wp-image-54029 alignright\" src=\"https:\/\/web.palmaactiva.com\/wp-content\/uploads\/2025\/09\/BeFunky-collage2-237x300.jpg\" alt=\"\" width=\"237\" height=\"300\" srcset=\"https:\/\/web.palmaactiva.com\/wp-content\/uploads\/2025\/09\/BeFunky-collage2-237x300.jpg 237w, https:\/\/web.palmaactiva.com\/wp-content\/uploads\/2025\/09\/BeFunky-collage2-809x1024.jpg 809w, https:\/\/web.palmaactiva.com\/wp-content\/uploads\/2025\/09\/BeFunky-collage2-768x972.jpg 768w, https:\/\/web.palmaactiva.com\/wp-content\/uploads\/2025\/09\/BeFunky-collage2-1213x1536.jpg 1213w, https:\/\/web.palmaactiva.com\/wp-content\/uploads\/2025\/09\/BeFunky-collage2.jpg 1289w\" sizes=\"(max-width: 237px) 100vw, 237px\" \/><span lang=\"CA\" style=\"font-family: Roboto;\">La patronal del peque\u00f1o y medio comercio de Mallorca (PIMECO), en colaboraci\u00f3n con PalmaActiva y el Ajuntament de Palma, ha organizado la primera edici\u00f3n del \u201cPaseo Musical\u201d, una iniciativa cultural y comercial que se celebrar\u00e1 el pr\u00f3ximo s\u00e1bado 27 de septiembre en el centro de Palma. <\/span><\/p>\n<p style=\"text-align: justify;\"><span lang=\"CA\" style=\"font-family: Roboto;\">Este evento quiere llenar de m\u00fasica y ambiente festivo varios espacios emblem\u00e1ticos de la ciudad con conciertos gratuitos y abiertos a todos los p\u00fablicos, con el objetivo de impulsar el comercio local, fortalecer la vida cultural en las calles y ofrecer experiencias \u00fanicas tanto a residentes como a visitantes. <\/span><\/p>\n<p style=\"text-align: justify;\"><span lang=\"CA\" style=\"font-family: Roboto;\">Las actuaciones programadas incluyen a Sonokai en la Pla\u00e7a Major, de 18.00 a 20.00 horas, con un recorrido musical que fusiona jazz, ritmos mediterr\u00e1neos y sonidos del mundo. <\/span><\/p>\n<p style=\"text-align: justify;\"><span lang=\"CA\" style=\"font-family: Roboto;\">Simult\u00e1neamente, Fly Funks actuar\u00e1 en el Passeig del Born, tambi\u00e9n de 18.00 a 20.00 horas, ofreciendo una en\u00e9rgica propuesta de funk y groove inspirada en los grandes escenarios internacionales de las d\u00e9cadas de los 70 y 80. <\/span><\/p>\n<p style=\"text-align: justify;\"><span lang=\"CA\" style=\"font-family: Roboto;\">Para cerrar la jornada, Cirko presentar\u00e1 un espect\u00e1culo en la Pla\u00e7a de Pere Garau a las 22.00 horas, combinando m\u00fasica con una performance visual. <\/span><\/p>\n<p style=\"text-align: justify;\"><span lang=\"CA\" style=\"font-family: Roboto;\">El \u201cPaseo Musical\u201d es una apuesta conjunta de PIMECO, PalmaActiva y el Ajuntament de Palma para dinamizar el peque\u00f1o comercio, crear espacios de encuentro ciudadano y acercar la cultura a las plazas y calles de la ciudad. <\/span><\/p>\n<p style=\"text-align: justify;\"><span lang=\"CA\" style=\"font-family: Roboto;\">Esta actividad se realiza gracias a las subvenciones para actuaciones de dinamizaci\u00f3n comercial convocadas este a\u00f1o por PalmaActiva. <\/span><\/p>\n<p style=\"text-align: justify;\"><span lang=\"CA\" style=\"font-family: Roboto;\">En este sentido, Lupe Ferrer, regidora de Comer\u00e7, Restauraci\u00f3 i Aut\u00f2noms, ha destacado que con iniciativas como esta \u00abreforzamos nuestro compromiso con el comercio local y con una ciudad viva, donde la cultura y la actividad econ\u00f3mica se dan la mano\u00bb. <\/span>","protected":false},"excerpt":{"rendered":"<p>El evento, que se celebrar\u00e1 el s\u00e1bado 27 de septiembre, busca dinamizar el comercio local y acercar la cultura a las calles y plazas &nbsp; La patronal del peque\u00f1o y medio comercio de Mallorca (PIMECO), en colaboraci\u00f3n con PalmaActiva y el Ajuntament de Palma, ha organizado la primera edici\u00f3n del \u201cPaseo Musical\u201d, una iniciativa cultural [&hellip;]<\/p>\n","protected":false},"author":11,"featured_media":54028,"comment_status":"closed","ping_status":"open","sticky":false,"template":"","format":"standard","meta":{"footnotes":""},"categories":[29,13,11],"tags":[69,168,280,163,52,32],"_links":{"self":[{"href":"https:\/\/web.palmaactiva.com\/es\/wp-json\/wp\/v2\/posts\/54027"}],"collection":[{"href":"https:\/\/web.palmaactiva.com\/es\/wp-json\/wp\/v2\/posts"}],"about":[{"href":"https:\/\/web.palmaactiva.com\/es\/wp-json\/wp\/v2\/types\/post"}],"author":[{"embeddable":true,"href":"https:\/\/web.palmaactiva.com\/es\/wp-json\/wp\/v2\/users\/11"}],"replies":[{"embeddable":true,"href":"https:\/\/web.palmaactiva.com\/es\/wp-json\/wp\/v2\/comments?post=54027"}],"version-history":[{"count":3,"href":"https:\/\/web.palmaactiva.com\/es\/wp-json\/wp\/v2\/posts\/54027\/revisions"}],"predecessor-version":[{"id":54032,"href":"https:\/\/web.palmaactiva.com\/es\/wp-json\/wp\/v2\/posts\/54027\/revisions\/54032"}],"wp:featuredmedia":[{"embeddable":true,"href":"https:\/\/web.palmaactiva.com\/es\/wp-json\/wp\/v2\/media\/54028"}],"wp:attachment":[{"href":"https:\/\/web.palmaactiva.com\/es\/wp-json\/wp\/v2\/media?parent=54027"}],"wp:term":[{"taxonomy":"category","embeddable":true,"href":"https:\/\/web.palmaactiva.com\/es\/wp-json\/wp\/v2\/categories?post=54027"},{"taxonomy":"post_tag","embeddable":true,"href":"https:\/\/web.palmaactiva.com\/es\/wp-json\/wp\/v2\/tags?post=54027"}],"curies":[{"name":"wp","href":"https:\/\/api.w.org\/{rel}","templated":true}]}}