{"id":5347,"date":"2018-03-26T12:26:20","date_gmt":"2018-03-26T12:26:20","guid":{"rendered":"http:\/\/web.palmaactiva.com\/?p=5347"},"modified":"2018-03-26T12:30:03","modified_gmt":"2018-03-26T12:30:03","slug":"palmaactiva-presenta-el-seu-punt-datencio-a-lemprenedor-pae","status":"publish","type":"post","link":"https:\/\/web.palmaactiva.com\/es\/palmaactiva-presenta-el-seu-punt-datencio-a-lemprenedor-pae\/","title":{"rendered":"PalmaActiva presenta su Punto de Atenci\u00f3n al Emprendedor (PAE)"},"content":{"rendered":"<h3>El PAE de la Agencia de Desarrollo Local prestar\u00e1 servicios de informaci\u00f3n y de constituci\u00f3n de empresas mediante el DUE (Documento \u00danico Electr\u00f3nico).<\/h3>\n<figure id=\"attachment_5352\" aria-describedby=\"caption-attachment-5352\" style=\"width: 5147px\" class=\"wp-caption alignnone\"><img decoding=\"async\" loading=\"lazy\" src=\"https:\/\/web.palmaactiva.com\/wp-content\/uploads\/2018\/03\/Punt-PAE-PalmaActiva.jpg\" alt=\"PalmaActiva presenta su Punto de Atenci\u00f3n al Emprendedor (PAE)\" width=\"5147\" height=\"3293\" class=\"size-full wp-image-5352\" \/><figcaption id=\"caption-attachment-5352\" class=\"wp-caption-text\">PalmaActiva presenta su Punto de Atenci\u00f3n al Emprendedor (PAE)<\/figcaption><\/figure>PalmaActiva ha presentado hoy su nuevo Punto de Atenci\u00f3n al Emprendedor (PAE), situado en la sede central de la Agencia de Desarrollo Local en la calle del Socorro 22. El punto PAE de PalmaActiva funcionar\u00e1 de lunes a viernes de 8:30 14.30h con cita previa. <strong>Joana Maria Adrover<\/strong>, concejala de Turismo, Trabajo y Comercio, destac\u00f3 hoy su satisfacci\u00f3n por la puesta en marcha de este servicio, que se a\u00f1ade <em>\u00aben el amplio abanico de servicios y actividades que PalmaActiva ofrece a las personas emprendedoras\u00bb<\/em>.<\/p>\n<p>Los Puntos de Atenci\u00f3n al Emprendedor (PAE) se encargan de facilitar la creaci\u00f3n de nuevas empresas a trav\u00e9s de la prestaci\u00f3n de servicios de informaci\u00f3n, tramitaci\u00f3n de documentaci\u00f3n, asesoramiento, formaci\u00f3n y apoyo a la financiaci\u00f3n empresarial.<\/p>\n<p><strong>Noem\u00ed Oliva<\/strong>, una emprendedora que se asesor\u00f3 a PalmaActiva, ha sido la primera persona que se ha dado de alta como aut\u00f3noma en el Ayuntamiento mediante este servicio. Oliva, que ha puesto en marcha la peluquer\u00eda Noemi Stylist, destac\u00f3 que para ella la experiencia de darse de alta para montar su negocio fue muy positiva, y ha recomendado el servicio a todas las personas emprendedoras.<\/p>\n<h4>\u00bfQu\u00e9 es?<\/h4>\n<p>Un PAE es un Punto de Atenci\u00f3n al Emprendedor concertado con la Secretar\u00eda General de Industria y de la Peque\u00f1a y Mediana Empresa, dependiente del Ministerio de Industria, Econom\u00eda y Competitividad, que ofrece servicios ligados a la alta de empresas.<\/p>\n<p>El PAE de PalmaActiva ofrece los siguientes servicios gratuitos para las personas que quieran darse de alta como aut\u00f3nomos o constituir una sociedad limitada:<br \/>\n1. Informaci\u00f3n general sobre aspectos legales, fiscales, contables y de Seguridad Social.<br \/>\n2. Informaci\u00f3n sobre ayudas e incentivos vigentes para la creaci\u00f3n de empresas.<br \/>\n3. Constituci\u00f3n de empresas mediante el sistema de tramitaci\u00f3n telem\u00e1tica CIRCE, utilizando el Documento \u00danico Electr\u00f3nico (DUE).<br \/>\n4. Tramitaci\u00f3n del cese de la actividad mediante el sistema de tramitaci\u00f3n telem\u00e1tica.<\/p>\n<h4>\u00bfC\u00f3mo funciona?<\/h4>\n<p>\u2022 PalmaActiva tramitar\u00e1 telem\u00e1ticamente altas para:<br \/>\n&#8211; Empresarios Individuales (Aut\u00f3nomos)<br \/>\n&#8211; sociedades de responsabilidad limitada (SRL)<br \/>\n&#8211; Sociedades Limitadas Nueva Empresa (SLNE)<br \/>\n&#8211; Sociedades Limitadas de Formaci\u00f3n Sucesiva (SLFS)<br \/>\n\u2022 Hay que pedir cita previa rellenando un formulario online.<br \/>\n\u2022 En 48 horas PalmaActiva contactar\u00e1 para fijar d\u00eda y hora para tramitar el alta telem\u00e1tica en el PAE de la calle Socorro 22 de Palma.<br \/>\n\u2022 El d\u00eda de la cita es imprescindible llevar la documentaci\u00f3n, seg\u00fan la forma jur\u00eddica que se quiera adoptar.<\/p>\n<p>Adrover ha destacado que esta tramitaci\u00f3n telem\u00e1tica <em>\u00abofrece agilidad y evita desplazamientos innecesarios\u00bb<\/em>. Adrover ha visto hoy de primera mano c\u00f3mo funciona este punto de atenci\u00f3n al emprendedor junto con el equipo directivo de PalmaActiva formado por la coordinadora de Turismo, Comercio y Trabajo <strong>Pepa Pel\u00e1ez<\/strong>, la gerente de PalmaActiva <strong>Susana Rinc\u00f3n<\/strong> y el director general de Comercio <strong>Sergio G\u00f3mez<\/strong>.<br \/>\n<div class=\"su-button-center\"><a href=\"https:\/\/web.palmaactiva.com\/empresa\/crear-una-empresa\/punto-pae-palmaactiva\/\" class=\"su-button su-button-style-flat\" style=\"color:#ffffff;background-color:#e03e52;border-color:#b43242;border-radius:4px;-moz-border-radius:4px;-webkit-border-radius:4px\" target=\"_blank\" rel=\"noopener noreferrer\"><span style=\"color:#ffffff;padding:5px 14px;font-size:12px;line-height:18px;border-color:#ea7886;border-radius:4px;-moz-border-radius:4px;-webkit-border-radius:4px;text-shadow:none;-moz-text-shadow:none;-webkit-text-shadow:none\"><i class=\"sui sui-info\" style=\"font-size:12px;color:#FFFFFF\"><\/i> M\u00e1s informaci\u00f3n y solicitud de cita PAE<\/span><\/a><\/div>","protected":false},"excerpt":{"rendered":"<p>El PAE de la Agencia de Desarrollo Local prestar\u00e1 servicios de informaci\u00f3n y de constituci\u00f3n de empresas mediante el DUE (Documento \u00danico Electr\u00f3nico). PalmaActiva ha presentado hoy su nuevo Punto de Atenci\u00f3n al Emprendedor (PAE), situado en la sede central de la Agencia de Desarrollo Local en la calle del Socorro 22. El punto PAE [&hellip;]<\/p>\n","protected":false},"author":1,"featured_media":4649,"comment_status":"open","ping_status":"open","sticky":false,"template":"","format":"standard","meta":{"footnotes":""},"categories":[13,11],"tags":[],"_links":{"self":[{"href":"https:\/\/web.palmaactiva.com\/es\/wp-json\/wp\/v2\/posts\/5347"}],"collection":[{"href":"https:\/\/web.palmaactiva.com\/es\/wp-json\/wp\/v2\/posts"}],"about":[{"href":"https:\/\/web.palmaactiva.com\/es\/wp-json\/wp\/v2\/types\/post"}],"author":[{"embeddable":true,"href":"https:\/\/web.palmaactiva.com\/es\/wp-json\/wp\/v2\/users\/1"}],"replies":[{"embeddable":true,"href":"https:\/\/web.palmaactiva.com\/es\/wp-json\/wp\/v2\/comments?post=5347"}],"version-history":[{"count":5,"href":"https:\/\/web.palmaactiva.com\/es\/wp-json\/wp\/v2\/posts\/5347\/revisions"}],"predecessor-version":[{"id":5356,"href":"https:\/\/web.palmaactiva.com\/es\/wp-json\/wp\/v2\/posts\/5347\/revisions\/5356"}],"wp:featuredmedia":[{"embeddable":true,"href":"https:\/\/web.palmaactiva.com\/es\/wp-json\/wp\/v2\/media\/4649"}],"wp:attachment":[{"href":"https:\/\/web.palmaactiva.com\/es\/wp-json\/wp\/v2\/media?parent=5347"}],"wp:term":[{"taxonomy":"category","embeddable":true,"href":"https:\/\/web.palmaactiva.com\/es\/wp-json\/wp\/v2\/categories?post=5347"},{"taxonomy":"post_tag","embeddable":true,"href":"https:\/\/web.palmaactiva.com\/es\/wp-json\/wp\/v2\/tags?post=5347"}],"curies":[{"name":"wp","href":"https:\/\/api.w.org\/{rel}","templated":true}]}}