{"id":5181,"date":"2018-03-12T20:21:47","date_gmt":"2018-03-12T20:21:47","guid":{"rendered":"http:\/\/web.palmaactiva.com\/?p=5181"},"modified":"2018-03-13T08:58:42","modified_gmt":"2018-03-13T08:58:42","slug":"latur-del-mes-de-febrer-va-baixar-en-2-184-persones-respecte-al-mateix-mes-de-lany-passat-el-que-suposa-una-disminucio-del-208","status":"publish","type":"post","link":"https:\/\/web.palmaactiva.com\/es\/latur-del-mes-de-febrer-va-baixar-en-2-184-persones-respecte-al-mateix-mes-de-lany-passat-el-que-suposa-una-disminucio-del-208\/","title":{"rendered":"El paro del mes de febrero baj\u00f3 en 2.184 personas respecto al mismo mes del a\u00f1o pasado, lo que supone una disminuci\u00f3n del 20,8%"},"content":{"rendered":"<h3>La concejala de Trabajo Joana Maria Adrover destaca que tanto el empleo como el paro siguen presentando evoluciones positivas en Palma.<\/h3>\n<div class=\"su-youtube su-u-responsive-media-yes\"><iframe width=\"640\" height=\"360\" src=\"https:\/\/www.youtube.com\/embed\/6EtiTe8kw9k?autohide=2&amp;autoplay=0&amp;mute=0&amp;controls=1&amp;fs=1&amp;loop=0&amp;modestbranding=0&amp;rel=0&amp;showinfo=0&amp;theme=light&amp;wmode=&amp;playsinline=0\" frameborder=\"0\" allowfullscreen allow=\"autoplay; encrypted-media; picture-in-picture\" title=\"\"><\/iframe><\/div>Tanto el empleo como el paro siguen presentando evoluciones positivas en Palma, seg\u00fan ha destacado hoy <strong>Joana Maria Adrover<\/strong>, concejala de Turismo, Comercio y Trabajo, que ha dado a conocer hoy los \u00faltimos datos del mercado de trabajo en Palma. Desde octubre de 2012, Ciudad acumula 65 meses de descenso continuado del paro, con una cifra absoluta inferior a la del a\u00f1o 2008, y desde octubre de 2013, el empleo suma m\u00e1s de 52 meses de crecimiento interanual ininterrumpido; de forma que los afiliados superan las cifras de los \u00faltimos 10 a\u00f1os.<br \/>\n<img decoding=\"async\" loading=\"lazy\" src=\"https:\/\/web.palmaactiva.com\/wp-content\/uploads\/2018\/03\/graf1.jpg\" alt=\"\" width=\"1326\" height=\"443\" class=\"alignnone size-full wp-image-5182\" \/><br \/>\n\n<h4>Empleo del mes de enero<\/h4>\n<p>Palma registraba 201.665 personas afiliadas el pasado mes de enero. Sobre el mes anterior implica una disminuci\u00f3n de 1.012 personas ocupadas menos, (-0.5% respecto al mes de diciembre de 2017).<br \/>\n<img decoding=\"async\" loading=\"lazy\" src=\"https:\/\/web.palmaactiva.com\/wp-content\/uploads\/2018\/03\/graf2.jpg\" alt=\"\" width=\"924\" height=\"459\" class=\"alignnone size-full wp-image-5183\" \/><br \/>\nSin embargo, hay 8.875 ocupados m\u00e1s que en enero del 2017, lo que representa un incremento del 4,6%. La cifra de afiliaci\u00f3n a la Seguridad Social de este mes, 201.665 ocupados, si se compara con cualquier mes enero desde el a\u00f1o 2008 (203.782 afiliados), es la m\u00e1s elevada de los \u00faltimos 10 a\u00f1os.<\/p>\n<p>La mayor parte del crecimiento interanual de este mes se produce al r\u00e9gimen general, con 8.234 asalariados m\u00e1s (+ 5,1%). Tambi\u00e9n cabe rese\u00f1ar que los aut\u00f3nomos aumentan en 653 altas, un 2,5% sobre enero del a\u00f1o pasado.<\/p>\n<p>El peso de cada r\u00e9gimen sobre el total de la afiliaci\u00f3n en Palma, que se mantiene en los porcentajes habituales: el r\u00e9gimen general ronda el 84% y el de los aut\u00f3nomos el 13%.<\/p>\n<p>Las actividades que presentan m\u00e1s afiliaci\u00f3n son:<br \/>\n\u2022 En primer lugar, comercio que tiene 35.460 afiliados, que representa un 17,58% del total de afiliaciones.<br \/>\n\u2022 En segundo lugar, actividades sanitarias con 24.864 efectivos, que suponen un 12,33% del total.<br \/>\n\u2022 En tercer lugar, actividades administrativas, con 21.483 afiliados, el 10,65% del total.<br \/>\n\u2022 En cuarto lugar, hosteler\u00eda, con 20.102 personas afiliadas, que son el 9,97% del total de afiliaciones.<\/p>\n<h4>Contrataci\u00f3n del mes de febrero<\/h4>\n<p>Palma registr\u00f3 en febrero 15.697 contratos laborales. Si se compara esta cifra de contrataci\u00f3n con la del mes anterior, aument\u00f3 en 697 contratos m\u00e1s, que representan un incremento del 4,6%. Si se compara esta cifra con la de hace un a\u00f1o, los contratos subieron en 1.394, un 9,7%.<\/p>\n<p><em>\u00abSe incrementaron el n\u00famero de contratos respecto al mes de febrero del a\u00f1o 2017 y tambi\u00e9n respecto a enero de 2018, por lo tanto continuamos con la tendencia positiva desde el a\u00f1o 2012, alcanzando niveles similares al a\u00f1o 2008\u00bb<\/em>, afirm\u00f3 Adrover.<br \/>\n<img decoding=\"async\" loading=\"lazy\" src=\"https:\/\/web.palmaactiva.com\/wp-content\/uploads\/2018\/03\/graf3.jpg\" alt=\"\" width=\"955\" height=\"612\" class=\"alignnone size-full wp-image-5184\" \/><br \/>\nDe estas contrataciones, el 82,6% de se producen en el sector servicios, que suma un total de 12.962 contratos. En el sector comercio hubo 2.111 contrataciones en el mes de febrero, m\u00e1s de un 5,3% m\u00e1s que en el mes anterior. La hosteler\u00eda tuvo 3.713 contratos en febrero, un 27,3% m\u00e1s que para el mes anterior. Por otra parte, la construcci\u00f3n con un peso del 12,7% sobre el total de contratos ha disminuido en 195 contratos. Cabe destacar que la industria, con un 4,2% del total de contratos, ha incrementado sus contrataciones en un 20% con un total de 660 contratos.<\/p>\n<p>Finalmente, los contratos indefinidos suman 2.908, un 19% sobre el total. Sobre el mes anterior, han crecido un 7,4% con 200 contratos m\u00e1s de los que hab\u00eda. Y se han incrementado un 26,5% m\u00e1s que en febrero del 2017.<\/p>\n<h4>Paro del mes de febrero<\/h4>\n<p>Palma registr\u00f3 23.920 parados en febrero, 1.142 menos que el mes pasado y 6.287 menos que el mes de febrero del 2017.<br \/>\n<img decoding=\"async\" loading=\"lazy\" src=\"https:\/\/web.palmaactiva.com\/wp-content\/uploads\/2018\/03\/graf4.jpg\" alt=\"\" width=\"1018\" height=\"393\" class=\"alignnone size-full wp-image-5185\" \/><br \/>\n<em>\u00abLa cifra de parados a\u00fan es muy alta pero podemos destacar que sigue bajando en relaci\u00f3n a los a\u00f1os anteriores y as\u00ed, este mes de febrero registr\u00f3 1.142 personas en paro menos, un 20,8% menos que en febrero del 2017\u00bb<\/em>, explic\u00f3 la concejala de Trabajo. Se alcanzan por tanto 9 a\u00f1os de descenso del paro en Palma durante los meses de febrero (desde febrero de 2010). La cifra que m\u00e1s se acerca a la actual es la de febrero de 2009, cuando hab\u00eda 29.625 personas en paro.<\/p>\n<p>Por sectores econ\u00f3micos, la disminuci\u00f3n del paro proviene b\u00e1sicamente del agregado de los servicios, especialmente los servicios que no son ni hosteler\u00eda ni comercio, donde los parados se reducen en 2.846 personas, un 21,7% en relaci\u00f3n a febrero de 2017 . Tambi\u00e9n desciende el comercio en 802 parados (18,5%); y la hosteler\u00eda, con 718 demandantes menos (11,6%) sobre febrero del a\u00f1o pasado.<\/p>\n<p>En t\u00e9rminos de perfil, el descenso corresponde mayoritariamente al sexo masculino (-3397) parados menos en variaci\u00f3n interanual, un 24,6% menos, y en personas de entre 25 y 44 a\u00f1os (3.257 personas menos, un 23,8% menos) , siempre sobre febrero de 2017. Los demandantes de empleo que llevan 12 meses o m\u00e1s suman un 30% del total.<\/p>\n<p>Adrover ha destacar que para ayudar a estas personas que tienen m\u00e1s dificultades para salir del paro, PalmaActiva pondr\u00e1 en marcha pr\u00f3ximamente dos trampolines de empleo, una iniciativa de inserci\u00f3n laboral para personas en situaci\u00f3n de paro que potencia las redes de suport.Durant su comparecencia, el edil de Trabajo ha reivindicado la mejora del salario m\u00ednimo interprofesional en Espa\u00f1a: <em>\u00abes cierto que ha habido una subida en el salario m\u00ednimo interprofesional, pero queremos decir alto y claro que se debe seguir trabajando para ofrecer unos salarios dignos y de calidad, para garantizar unas condiciones de vida adecuadas para toda la poblaci\u00f3n\u00bb<\/em>. La concejala ha afirmado que el sector del comercio, con una subida del 6,5%, y el sector de la hosteler\u00eda, con una subida del 15%, son el ejemplo que han se seguir el resto de sectores, <em>\u00abpara que los trabajadores no s\u00f3lo merecen un trabajo, sino que merecen un salario digno\u00bb<\/em>.<br \/>","protected":false},"excerpt":{"rendered":"<p>La concejala de Trabajo Joana Maria Adrover destaca que tanto el empleo como el paro siguen presentando evoluciones positivas en Palma. Tanto el empleo como el paro siguen presentando evoluciones positivas en Palma, seg\u00fan ha destacado hoy Joana Maria Adrover, concejala de Turismo, Comercio y Trabajo, que ha dado a conocer hoy los \u00faltimos datos [&hellip;]<\/p>\n","protected":false},"author":1,"featured_media":0,"comment_status":"open","ping_status":"open","sticky":false,"template":"","format":"standard","meta":{"footnotes":""},"categories":[12,11],"tags":[31],"_links":{"self":[{"href":"https:\/\/web.palmaactiva.com\/es\/wp-json\/wp\/v2\/posts\/5181"}],"collection":[{"href":"https:\/\/web.palmaactiva.com\/es\/wp-json\/wp\/v2\/posts"}],"about":[{"href":"https:\/\/web.palmaactiva.com\/es\/wp-json\/wp\/v2\/types\/post"}],"author":[{"embeddable":true,"href":"https:\/\/web.palmaactiva.com\/es\/wp-json\/wp\/v2\/users\/1"}],"replies":[{"embeddable":true,"href":"https:\/\/web.palmaactiva.com\/es\/wp-json\/wp\/v2\/comments?post=5181"}],"version-history":[{"count":5,"href":"https:\/\/web.palmaactiva.com\/es\/wp-json\/wp\/v2\/posts\/5181\/revisions"}],"predecessor-version":[{"id":5196,"href":"https:\/\/web.palmaactiva.com\/es\/wp-json\/wp\/v2\/posts\/5181\/revisions\/5196"}],"wp:attachment":[{"href":"https:\/\/web.palmaactiva.com\/es\/wp-json\/wp\/v2\/media?parent=5181"}],"wp:term":[{"taxonomy":"category","embeddable":true,"href":"https:\/\/web.palmaactiva.com\/es\/wp-json\/wp\/v2\/categories?post=5181"},{"taxonomy":"post_tag","embeddable":true,"href":"https:\/\/web.palmaactiva.com\/es\/wp-json\/wp\/v2\/tags?post=5181"}],"curies":[{"name":"wp","href":"https:\/\/api.w.org\/{rel}","templated":true}]}}