{"id":47582,"date":"2023-01-05T12:53:37","date_gmt":"2023-01-05T11:53:37","guid":{"rendered":"https:\/\/web.palmaactiva.com\/?p=47582"},"modified":"2023-01-05T13:01:06","modified_gmt":"2023-01-05T12:01:06","slug":"palmaactiva-aconsegueix-lacreditacio-dun-espai-per-poder-oferir-certificats-de-professionalitat-de-comerc","status":"publish","type":"post","link":"https:\/\/web.palmaactiva.com\/es\/palmaactiva-aconsegueix-lacreditacio-dun-espai-per-poder-oferir-certificats-de-professionalitat-de-comerc\/","title":{"rendered":"PalmaActiva consigue la acreditaci\u00f3n de un espacio para poder ofrecer certificados de profesionalidad de comercio"},"content":{"rendered":"<p><img decoding=\"async\" loading=\"lazy\" class=\"alignnone wp-image-47584 size-full\" src=\"https:\/\/web.palmaactiva.com\/wp-content\/uploads\/2023\/01\/PalmaActiva-aula-certificacio-Comerc-3.jpeg\" alt=\"\" width=\"2000\" height=\"1500\" srcset=\"https:\/\/web.palmaactiva.com\/wp-content\/uploads\/2023\/01\/PalmaActiva-aula-certificacio-Comerc-3.jpeg 2000w, https:\/\/web.palmaactiva.com\/wp-content\/uploads\/2023\/01\/PalmaActiva-aula-certificacio-Comerc-3-300x225.jpeg 300w, https:\/\/web.palmaactiva.com\/wp-content\/uploads\/2023\/01\/PalmaActiva-aula-certificacio-Comerc-3-1024x768.jpeg 1024w, https:\/\/web.palmaactiva.com\/wp-content\/uploads\/2023\/01\/PalmaActiva-aula-certificacio-Comerc-3-768x576.jpeg 768w, https:\/\/web.palmaactiva.com\/wp-content\/uploads\/2023\/01\/PalmaActiva-aula-certificacio-Comerc-3-1536x1152.jpeg 1536w\" sizes=\"(max-width: 2000px) 100vw, 2000px\" \/><\/p>\n<p><img decoding=\"async\" loading=\"lazy\" class=\"alignnone wp-image-47583 size-full\" src=\"https:\/\/web.palmaactiva.com\/wp-content\/uploads\/2023\/01\/PalmaActiva-aula-certificacio-Comerc-2.jpeg\" alt=\"\" width=\"1024\" height=\"768\" srcset=\"https:\/\/web.palmaactiva.com\/wp-content\/uploads\/2023\/01\/PalmaActiva-aula-certificacio-Comerc-2.jpeg 1024w, https:\/\/web.palmaactiva.com\/wp-content\/uploads\/2023\/01\/PalmaActiva-aula-certificacio-Comerc-2-300x225.jpeg 300w, https:\/\/web.palmaactiva.com\/wp-content\/uploads\/2023\/01\/PalmaActiva-aula-certificacio-Comerc-2-768x576.jpeg 768w\" sizes=\"(max-width: 1024px) 100vw, 1024px\" \/><\/p>\n<p>&nbsp;<\/p>\n<h3>Este espacio se ha transformado en un comercio para poder ofrecer a la poblaci\u00f3n formaci\u00f3n en un sector con muchas contrataciones en Palma<\/h3>\nPalmaActiva ha recibido recientemente la resoluci\u00f3n favorable del SOIB en la que se acredita oficialmente un local del Mercat de Llevant como \u00abTaller de Comercio\u00bb.<\/p>\n<p>Seg\u00fan Jordi Vil\u00e0, regidor de Promoci\u00f3n Econ\u00f3mica y Ocupaci\u00f3n, \u00abgracias al esfuerzo y trabajo del personal de PalmaActiva durando m\u00e1s de dos a\u00f1os, se ha conseguido que este espacio se transforme en un comercio para poder ofrecer a la poblaci\u00f3n dos certificados de profesionalidad: \u00abActividades auxiliares de comercio nivel 1\u00bb y \u00abActividades de gesti\u00f3n del peque\u00f1o comercio nivel 2\u00bb. El 50% de los gastos de compra de material y software han sido financiadas por el SOIB.<\/p>\n<p>Con esta nueva acreditaci\u00f3n, PalmaActiva da respuesta a una de las necesidades formativas detectadas por los agentes de desarrollo locales del SOIB en el Informe de Necesidades Formativas en el Municipio de Palma, publicado en diciembre de 2020, donde se detectaba que el comercio al por menor era la segunda actividad econ\u00f3mica con mayor n\u00famero de trabajadores en el municipio, siendo \u00abVendedor a tiendas y almacenes\u00bb la tercera ocupaci\u00f3n m\u00e1s contratada a Palma","protected":false},"excerpt":{"rendered":"<p>&nbsp; Este espacio se ha transformado en un comercio para poder ofrecer a la poblaci\u00f3n formaci\u00f3n en un sector con muchas contrataciones en Palma PalmaActiva ha recibido recientemente la resoluci\u00f3n favorable del SOIB en la que se acredita oficialmente un local del Mercat de Llevant como \u00abTaller de Comercio\u00bb. Seg\u00fan Jordi Vil\u00e0, regidor de Promoci\u00f3n [&hellip;]<\/p>\n","protected":false},"author":11,"featured_media":47583,"comment_status":"closed","ping_status":"open","sticky":false,"template":"","format":"standard","meta":{"footnotes":""},"categories":[29,13,11],"tags":[259,69,74,52],"_links":{"self":[{"href":"https:\/\/web.palmaactiva.com\/es\/wp-json\/wp\/v2\/posts\/47582"}],"collection":[{"href":"https:\/\/web.palmaactiva.com\/es\/wp-json\/wp\/v2\/posts"}],"about":[{"href":"https:\/\/web.palmaactiva.com\/es\/wp-json\/wp\/v2\/types\/post"}],"author":[{"embeddable":true,"href":"https:\/\/web.palmaactiva.com\/es\/wp-json\/wp\/v2\/users\/11"}],"replies":[{"embeddable":true,"href":"https:\/\/web.palmaactiva.com\/es\/wp-json\/wp\/v2\/comments?post=47582"}],"version-history":[{"count":4,"href":"https:\/\/web.palmaactiva.com\/es\/wp-json\/wp\/v2\/posts\/47582\/revisions"}],"predecessor-version":[{"id":47588,"href":"https:\/\/web.palmaactiva.com\/es\/wp-json\/wp\/v2\/posts\/47582\/revisions\/47588"}],"wp:featuredmedia":[{"embeddable":true,"href":"https:\/\/web.palmaactiva.com\/es\/wp-json\/wp\/v2\/media\/47583"}],"wp:attachment":[{"href":"https:\/\/web.palmaactiva.com\/es\/wp-json\/wp\/v2\/media?parent=47582"}],"wp:term":[{"taxonomy":"category","embeddable":true,"href":"https:\/\/web.palmaactiva.com\/es\/wp-json\/wp\/v2\/categories?post=47582"},{"taxonomy":"post_tag","embeddable":true,"href":"https:\/\/web.palmaactiva.com\/es\/wp-json\/wp\/v2\/tags?post=47582"}],"curies":[{"name":"wp","href":"https:\/\/api.w.org\/{rel}","templated":true}]}}