{"id":3980,"date":"2017-10-06T12:15:58","date_gmt":"2017-10-06T12:15:58","guid":{"rendered":"http:\/\/web.palmaactiva.com\/?p=3980"},"modified":"2017-10-06T12:15:58","modified_gmt":"2017-10-06T12:15:58","slug":"nueva-jornada-de-seleccion-de-personal-de-tui-en-palmaactiva","status":"publish","type":"post","link":"https:\/\/web.palmaactiva.com\/es\/nueva-jornada-de-seleccion-de-personal-de-tui-en-palmaactiva\/","title":{"rendered":"Nueva jornada de selecci\u00f3n de personal de TUI en PalmaActiva"},"content":{"rendered":"<h3>El touroperador alem\u00e1n quiere contratar 35 teleoperadores y 20 gu\u00edas tur\u00edsticos.<\/h3>\n<p><a href=\"https:\/\/web.palmaactiva.com\/wp-content\/uploads\/2017\/10\/tuiopenday_facebook-1.png\"><img decoding=\"async\" loading=\"lazy\" src=\"https:\/\/web.palmaactiva.com\/wp-content\/uploads\/2017\/10\/tuiopenday_facebook-1-300x157.png\" alt=\"\" width=\"300\" height=\"157\" class=\"alignleft size-medium wp-image-3982\" \/><\/a>El pr\u00f3ximo lunes 23 de octubre PalmaActiva organizar\u00e1 una nueva jornada de selecci\u00f3n de personal para el touroperador alem\u00e1n TUI, que necesita contratar 35 teleoperadores y 20 gu\u00edas tur\u00edsticos. Las jornadas de selecci\u00f3n son una iniciativa de PalmaActiva donde se facilita el contacto directo entre personas que buscan trabajo y responsables de recursos humanos que buscan candidatos para cubrir sus vacantes.<\/p>\n<p>Esta es la segunda jornada de selecci\u00f3n de personal que realiza PalmaActiva este a\u00f1o para el touroperador alem\u00e1n. Seg\u00fan explica <strong>Joana Maria Adrover<\/strong>, concejala de Turismo, Comercio y Trabajo, <em>\u00aba principios de este a\u00f1o 2017 ya realizamos una jornada de selecci\u00f3n de personal para TUI durante el mes de enero, como la empresa qued\u00f3 muy satisfecha por la experiencia han querido repetir avanzando la fecha\u00bb<\/em>. Adrover ha mostrado su satisfacci\u00f3n por esta colaboraci\u00f3n con TUI, que tambi\u00e9n particip\u00f3 en la feria del Empleo de PalmaActiva celebrada los d\u00edas 7 y 8 de marzo.<\/p>\n<p>Los requisitos que pide la empresa para participar en la jornada de selecci\u00f3n son los siguientes:<\/p>\n<p>\u2022 Nivel alto de ingl\u00e9s (a partir de B2) y dominio alto de otro idioma.<br \/>\n\u2022 Se valorar\u00e1n los idiomas: alem\u00e1n, sueco, franc\u00e9s, holand\u00e9s, polaco y ruso.<br \/>\n\u2022 Tambi\u00e9n es valorar\u00e1 tener experiencia previa en servicio al cliente (hosteler\u00eda, comercio, aeropuerto &#8230;).<br \/>\n\u2022 Conocimientos de inform\u00e1tica a nivel usuario (Office).<\/p>\n<p>Las personas interesadas en asistir a estas jornadas de selecci\u00f3n deben inscribirse previament:<br \/>\n\n<div class=\"su-button-center\"><a href=\"https:\/\/web.palmaactiva.com\/ca\/empresa\/buscar-trabajadores\/jornadas-de-seleccion\/jornada-de-seleccion-para-tui\/\" class=\"su-button su-button-style-flat\" style=\"color:#ffffff;background-color:#e03e52;border-color:#b43242;border-radius:8px;-moz-border-radius:8px;-webkit-border-radius:8px\" target=\"_blank\" rel=\"noopener noreferrer\"><span style=\"color:#ffffff;padding:7px 22px;font-size:17px;line-height:26px;border-color:#ea7886;border-radius:8px;-moz-border-radius:8px;-webkit-border-radius:8px;text-shadow:none;-moz-text-shadow:none;-webkit-text-shadow:none\"><i class=\"sui sui-sign-in\" style=\"font-size:17px;color:#FFFFFF\"><\/i> Formulario de preinscripci\u00f3n<\/span><\/a><\/div>","protected":false},"excerpt":{"rendered":"<p>El touroperador alem\u00e1n quiere contratar 35 teleoperadores y 20 gu\u00edas tur\u00edsticos. El pr\u00f3ximo lunes 23 de octubre PalmaActiva organizar\u00e1 una nueva jornada de selecci\u00f3n de personal para el touroperador alem\u00e1n TUI, que necesita contratar 35 teleoperadores y 20 gu\u00edas tur\u00edsticos. Las jornadas de selecci\u00f3n son una iniciativa de PalmaActiva donde se facilita el contacto directo [&hellip;]<\/p>\n","protected":false},"author":1,"featured_media":0,"comment_status":"open","ping_status":"open","sticky":false,"template":"","format":"standard","meta":{"footnotes":""},"categories":[12,11],"tags":[],"_links":{"self":[{"href":"https:\/\/web.palmaactiva.com\/es\/wp-json\/wp\/v2\/posts\/3980"}],"collection":[{"href":"https:\/\/web.palmaactiva.com\/es\/wp-json\/wp\/v2\/posts"}],"about":[{"href":"https:\/\/web.palmaactiva.com\/es\/wp-json\/wp\/v2\/types\/post"}],"author":[{"embeddable":true,"href":"https:\/\/web.palmaactiva.com\/es\/wp-json\/wp\/v2\/users\/1"}],"replies":[{"embeddable":true,"href":"https:\/\/web.palmaactiva.com\/es\/wp-json\/wp\/v2\/comments?post=3980"}],"version-history":[{"count":3,"href":"https:\/\/web.palmaactiva.com\/es\/wp-json\/wp\/v2\/posts\/3980\/revisions"}],"predecessor-version":[{"id":3984,"href":"https:\/\/web.palmaactiva.com\/es\/wp-json\/wp\/v2\/posts\/3980\/revisions\/3984"}],"wp:attachment":[{"href":"https:\/\/web.palmaactiva.com\/es\/wp-json\/wp\/v2\/media?parent=3980"}],"wp:term":[{"taxonomy":"category","embeddable":true,"href":"https:\/\/web.palmaactiva.com\/es\/wp-json\/wp\/v2\/categories?post=3980"},{"taxonomy":"post_tag","embeddable":true,"href":"https:\/\/web.palmaactiva.com\/es\/wp-json\/wp\/v2\/tags?post=3980"}],"curies":[{"name":"wp","href":"https:\/\/api.w.org\/{rel}","templated":true}]}}