{"id":3629,"date":"2017-08-14T11:32:53","date_gmt":"2017-08-14T11:32:53","guid":{"rendered":"http:\/\/web.palmaactiva.com\/?p=3629"},"modified":"2017-08-14T11:32:53","modified_gmt":"2017-08-14T11:32:53","slug":"el-centro-de-empresas-de-palmaactiva-ha-acogido-durante-los-siete-primeros-meses-del-ano-48-empresas","status":"publish","type":"post","link":"https:\/\/web.palmaactiva.com\/es\/el-centro-de-empresas-de-palmaactiva-ha-acogido-durante-los-siete-primeros-meses-del-ano-48-empresas\/","title":{"rendered":"El centro de empresas de PalmaActiva ha acogido durante los siete primeros meses del a\u00f1o 48 empresas"},"content":{"rendered":"<h4>Recientemente se ha a\u00f1adido a la oferta el Quiosco de PalmaActiva, situado en la plaza del Olivar y donde los emprendedores pueden mostrar sus productos y servicios.<\/h4>\n<figure id=\"attachment_3630\" aria-describedby=\"caption-attachment-3630\" style=\"width: 2704px\" class=\"wp-caption alignnone\"><img decoding=\"async\" loading=\"lazy\" src=\"https:\/\/web.palmaactiva.com\/wp-content\/uploads\/2017\/08\/COWORKING2.jpg\" alt=\"El centro de empresas de PalmaActiva ha acogido durante los siete primeros meses del a\u00f1o 48 empresas\" width=\"2704\" height=\"1824\" class=\"size-full wp-image-3630\" \/><figcaption id=\"caption-attachment-3630\" class=\"wp-caption-text\">El centro de empresas de PalmaActiva ha acogido durante los siete primeros meses del a\u00f1o 48 empresas<\/figcaption><\/figure>Cuarenta y ocho empresas han pasado durante los primero siete meses del a\u00f1o por el centro de empresas de PalmaActiva, formado por 17 locales, 7 despachos, un coworking con 20 puestos de trabajo y un quiosco . Esta cifra supone que durante los primeros siete meses del a\u00f1o ya han sido instaladas en el centro de empresas de PalmaActiva m\u00e1s empresas que durante todo el a\u00f1o 2016 (44). <em>\u00abEste incremento se debe a que este \u00faltimo a\u00f1o hemos tenido m\u00e1s empresas al coworking -ahora mismo se encuentra al 80% de empleo- ya que hemos puesto en marcha el quisco de PalmaActiva, donde los emprendedores pueden mostrar en un lugar muy c\u00e9ntrico, la plaza del Olivar, sus productos y servicios\u00bb<\/em>, explica <strong>Joana Maria Adrover<\/strong>, concejala de Turismo, Comercio y Trabajo.<\/p>\n<p>La presidenta de PalmaActiva a\u00f1ade que siguiendo en la l\u00ednea de los a\u00f1os anteriores, <em>\u00ablos 17 locales y 7 despachos que tenemos est\u00e1n ocupados al 100%\u00bb<\/em>. <em>\u00abQuiero animar a los emprendedores a presentar solicitudes para poder instalarse en nuestros locales y despachos, la lista de espera para acceder ordena por puntuaci\u00f3n y gracias a la rotaci\u00f3n de las empresas estamos ofreciendo locales adem\u00e1s del 70 % de los proyectos que quieren venir en un periodo inferior a 6 meses\u00bb<\/em>, ha a\u00f1adido la concejala.<\/p>\n<p>Adrover destaca tambi\u00e9n que el \u00faltimo a\u00f1o se han introducido mejoras en la calidad del servicio, <em>\u00aby en la actualidad m\u00e1s del 90% de las empresas que solicitan los servicios de nuestro centro de empresas son convocadas para hacer una entrevista en un plazo m\u00e1ximo de 3 d\u00edas h\u00e1biles\u00bb<\/em>.<\/p>\n<h4>El Centro de Empresas<\/h4>\n<p>El centro de empresas de PalmaActiva est\u00e1 formado por 17 locales al mismo nivel de calle, 7 despachos y un coworking con 20 puestos de trabajo.<\/p>\n<p>Principales ventajas del centro de empresas de PalmaActiva<br \/>\n\u2022 Precios competitivos<br \/>\n\u2022 Su ubicaci\u00f3n, en el centro de Palma<br \/>\n\u2022 Los despachos y coworking ofrecen servicios como internet, limpieza, climatizaci\u00f3n&#8230;<br \/>\n\u2022 Posibilidades de colaboraci\u00f3n y \u00abnetworking\u00bb entre empresas de diferentes perfiles.<br \/>\n\u2022 Las solicitudes se pueden presentar durante todo el a\u00f1o en una convocatoria permanentemente abierta que permite lista de espera.<\/p>\n<p>Pueden formar parte del centro de empresas de PalmaActiva proyectos empresariales sobre cualquier actividad que sea l\u00edcita y que sean de econom\u00eda creativa. Por econom\u00eda creativa se entienden las actividades incluidas dentro uno de los siguientes grupos:<br \/>\na) <strong>Econom\u00eda del conocimiento<\/strong>: nuevas tecnolog\u00edas, inform\u00e1tica, software, videojuegos, consultores tecnol\u00f3gicos, telecomunicaciones, rob\u00f3tica, investigaci\u00f3n y desarrollo, etc.<br \/>\nb) <strong>Industria cultural<\/strong>:<br \/>\n&#8211; Comunicaci\u00f3n social: publicidad, marketing, editoriales, radio y televisi\u00f3n, etc.<br \/>\n&#8211; Audiovisuales: cinematograf\u00eda, v\u00eddeo y producci\u00f3n, fotograf\u00eda, m\u00fasica, etc.<br \/>\n&#8211; Dise\u00f1o en general: de interiores, gr\u00e1fico, industrial, de moda, etc.<br \/>\n&#8211; Actividades t\u00e9cnicas: accesibilidad, sostenibilidad, medio ambiente, etc.<br \/>\n&#8211; Gesti\u00f3n cultural: oficinas t\u00e9cnicas en gesti\u00f3n de arte, entretenimiento, festivales de cine, etc.<br \/>\nc) <strong>Otras actividades econ\u00f3micas con alg\u00fan componente significativo tecnol\u00f3gico, de creatividad, de innovaci\u00f3n o de capital intelectual de su rama de conocimiento<\/strong>.<\/p>\n<p>M\u00e1s informaci\u00f3n: <a href=\"http:\/\/formacio.palmaactiva.com\/centrempreses\/\"><strong>Centro de empresas de PalmaActiva<\/strong><\/a>.<br \/>","protected":false},"excerpt":{"rendered":"<p>Recientemente se ha a\u00f1adido a la oferta el Quiosco de PalmaActiva, situado en la plaza del Olivar y donde los emprendedores pueden mostrar sus productos y servicios. Cuarenta y ocho empresas han pasado durante los primero siete meses del a\u00f1o por el centro de empresas de PalmaActiva, formado por 17 locales, 7 despachos, un coworking [&hellip;]<\/p>\n","protected":false},"author":1,"featured_media":0,"comment_status":"open","ping_status":"open","sticky":false,"template":"","format":"standard","meta":{"footnotes":""},"categories":[13,11],"tags":[],"_links":{"self":[{"href":"https:\/\/web.palmaactiva.com\/es\/wp-json\/wp\/v2\/posts\/3629"}],"collection":[{"href":"https:\/\/web.palmaactiva.com\/es\/wp-json\/wp\/v2\/posts"}],"about":[{"href":"https:\/\/web.palmaactiva.com\/es\/wp-json\/wp\/v2\/types\/post"}],"author":[{"embeddable":true,"href":"https:\/\/web.palmaactiva.com\/es\/wp-json\/wp\/v2\/users\/1"}],"replies":[{"embeddable":true,"href":"https:\/\/web.palmaactiva.com\/es\/wp-json\/wp\/v2\/comments?post=3629"}],"version-history":[{"count":4,"href":"https:\/\/web.palmaactiva.com\/es\/wp-json\/wp\/v2\/posts\/3629\/revisions"}],"predecessor-version":[{"id":3634,"href":"https:\/\/web.palmaactiva.com\/es\/wp-json\/wp\/v2\/posts\/3629\/revisions\/3634"}],"wp:attachment":[{"href":"https:\/\/web.palmaactiva.com\/es\/wp-json\/wp\/v2\/media?parent=3629"}],"wp:term":[{"taxonomy":"category","embeddable":true,"href":"https:\/\/web.palmaactiva.com\/es\/wp-json\/wp\/v2\/categories?post=3629"},{"taxonomy":"post_tag","embeddable":true,"href":"https:\/\/web.palmaactiva.com\/es\/wp-json\/wp\/v2\/tags?post=3629"}],"curies":[{"name":"wp","href":"https:\/\/api.w.org\/{rel}","templated":true}]}}