{"id":3231,"date":"2017-06-13T11:52:03","date_gmt":"2017-06-13T11:52:03","guid":{"rendered":"http:\/\/web.palmaactiva.com\/?p=3231"},"modified":"2017-06-13T11:52:03","modified_gmt":"2017-06-13T11:52:03","slug":"jornada-informativa-en-palmaactiva-sobre-las-ayudas-del-ayuntamiento-para-el-pequeno-comercio-2","status":"publish","type":"post","link":"https:\/\/web.palmaactiva.com\/es\/jornada-informativa-en-palmaactiva-sobre-las-ayudas-del-ayuntamiento-para-el-pequeno-comercio-2\/","title":{"rendered":"Jornada informativa en PalmaActiva sobre las ayudas del Ayuntamiento para el peque\u00f1o comercio"},"content":{"rendered":"<figure id=\"attachment_3232\" aria-describedby=\"caption-attachment-3232\" style=\"width: 2560px\" class=\"wp-caption alignnone\"><img decoding=\"async\" loading=\"lazy\" src=\"https:\/\/web.palmaactiva.com\/wp-content\/uploads\/2017\/06\/Jornada-informativa-subvencions-comer\u00e7.jpg\" alt=\"Jornada informativa en PalmaActiva sobre las ayudas del Ayuntamiento para el peque\u00f1o comercio\" width=\"2560\" height=\"1536\" class=\"size-full wp-image-3232\" \/><figcaption id=\"caption-attachment-3232\" class=\"wp-caption-text\">Jornada informativa en PalmaActiva sobre las ayudas del Ayuntamiento para el peque\u00f1o comercio<\/figcaption><\/figure>PalmaActiva acogi\u00f3 ayer por la tarde una charla informativa sobre el programa de ayudas para el peque\u00f1o comercio del Ayuntamiento de Palma. En la reuni\u00f3n, que tuvo lugar a las 20h en la sala de actos de la Agencia de Desarrollo Local, asistieron una veintena de representantes de comercios; <strong>Joana Maria Adrover<\/strong>, concejala de Turismo, Comercio y Trabajo; <strong>Pepa Pel\u00e1ez<\/strong>, directora general de Comercio; y personal t\u00e9cnico del \u00e1rea de Comercio del Ayuntamiento.<\/p>\n<p>Las dudas de los asistentes a la reuni\u00f3n se centraron sobre las subvenciones para quitar barreras arquitect\u00f3nicas, sobre los plazos de justificaci\u00f3n y sobre los elementos subvencionables. A la charla asistieron representantes de comercios de todo Palma de diferentes sectores: peluquer\u00edas, \u00f3pticas, zapater\u00edas, tiendas de juguetes, herborister\u00edas, imprentas, tiendas de curtidos &#8230;<\/p>\n<p>Joana Maria Adrover, concejala de Turismo, Comercio y Trabajo, abri\u00f3 la reuni\u00f3n agradeciendo a los asistentes su presencia y anim\u00e1ndoles a beneficiarse de estas ayudas del Ayuntamiento de Palma,<em> \u00abque por la experiencia de la a\u00f1o pasado han demostrado ser muy \u00fatiles\u00bb<\/em>.<\/p>\n<p>Las subvenciones del Ayuntamiento para los establecimientos comerciales de Ciudad tienen un presupuesto total de 92.000 \u20ac y est\u00e1n divididas en 2 per\u00edodos de valoraci\u00f3n de solicitudes:<br \/>\n\u2022 primer periodo: solicitudes presentadas hasta el 15 de mayo 2017 (46.000 \u20ac)<br \/>\n\u2022 seg\u00fan per\u00edodo: solicitudes presentadas hasta el 15 de septiembre de 2017 (46.000 \u20ac).<\/p>\n<p>Durante el primer plazo se presentaron 19 solicitudes, de las cuales 3 ped\u00edan subvenciones para accesibilidad para quitar barreras arquitect\u00f3nicas, el resto eran para cambio de bolsas, para instalaci\u00f3n de r\u00f3tulos comerciales, para adecuaci\u00f3n y mejora de la imagen, para mejora tecnol\u00f3gica y para mejora de la seguridad en la empresa.<\/p>\n<p>Los destinatarios de estas ayudas -de hasta un m\u00e1ximo de 2.300 euros por comercio- son establecimientos comerciales de la ciudad ubicados a pie de calle y que est\u00e9n ubicados en el t\u00e9rmino municipal de Palma. Pueden ser comercios ya existentes -para su modernizaci\u00f3n e innovaci\u00f3n- o nuevos comercios que se implanten.<\/p>\n<p>Estas ayudas son para:<br \/>\n\u2022 dise\u00f1o de la imagen del establecimiento<br \/>\n\u2022 rotulaci\u00f3n comercial interior y exterior<br \/>\n\u2022 renovaci\u00f3n y mejora tecnol\u00f3gica en general<br \/>\n\u2022 mejora energ\u00e9tica: iluminaci\u00f3n de bajo consumo, compra de bolsas reutilizables o biodegradables &#8230;<br \/>\n\u2022 adquisici\u00f3n de sistemas de reciclaje y eliminaci\u00f3n de residuos.<\/p>\n<p>La ayuda se ampl\u00eda hasta 4.600 \u20ac si se dedica a la mejora de la accesibilidad y supresi\u00f3n de barreras arquitect\u00f3nicas.<br \/>","protected":false},"excerpt":{"rendered":"<p>PalmaActiva acogi\u00f3 ayer por la tarde una charla informativa sobre el programa de ayudas para el peque\u00f1o comercio del Ayuntamiento de Palma. En la reuni\u00f3n, que tuvo lugar a las 20h en la sala de actos de la Agencia de Desarrollo Local, asistieron una veintena de representantes de comercios; Joana Maria Adrover, concejala de Turismo, [&hellip;]<\/p>\n","protected":false},"author":1,"featured_media":0,"comment_status":"open","ping_status":"open","sticky":false,"template":"","format":"standard","meta":{"footnotes":""},"categories":[29,11],"tags":[],"_links":{"self":[{"href":"https:\/\/web.palmaactiva.com\/es\/wp-json\/wp\/v2\/posts\/3231"}],"collection":[{"href":"https:\/\/web.palmaactiva.com\/es\/wp-json\/wp\/v2\/posts"}],"about":[{"href":"https:\/\/web.palmaactiva.com\/es\/wp-json\/wp\/v2\/types\/post"}],"author":[{"embeddable":true,"href":"https:\/\/web.palmaactiva.com\/es\/wp-json\/wp\/v2\/users\/1"}],"replies":[{"embeddable":true,"href":"https:\/\/web.palmaactiva.com\/es\/wp-json\/wp\/v2\/comments?post=3231"}],"version-history":[{"count":1,"href":"https:\/\/web.palmaactiva.com\/es\/wp-json\/wp\/v2\/posts\/3231\/revisions"}],"predecessor-version":[{"id":3233,"href":"https:\/\/web.palmaactiva.com\/es\/wp-json\/wp\/v2\/posts\/3231\/revisions\/3233"}],"wp:attachment":[{"href":"https:\/\/web.palmaactiva.com\/es\/wp-json\/wp\/v2\/media?parent=3231"}],"wp:term":[{"taxonomy":"category","embeddable":true,"href":"https:\/\/web.palmaactiva.com\/es\/wp-json\/wp\/v2\/categories?post=3231"},{"taxonomy":"post_tag","embeddable":true,"href":"https:\/\/web.palmaactiva.com\/es\/wp-json\/wp\/v2\/tags?post=3231"}],"curies":[{"name":"wp","href":"https:\/\/api.w.org\/{rel}","templated":true}]}}