{"id":3211,"date":"2017-06-12T17:51:36","date_gmt":"2017-06-12T17:51:36","guid":{"rendered":"http:\/\/web.palmaactiva.com\/?p=3211"},"modified":"2017-06-13T05:57:49","modified_gmt":"2017-06-13T05:57:49","slug":"palmaactiva-y-la-fundacion-bit-juntas-en-la-creacion-de-empresas-innovadoras","status":"publish","type":"post","link":"https:\/\/web.palmaactiva.com\/es\/palmaactiva-y-la-fundacion-bit-juntas-en-la-creacion-de-empresas-innovadoras\/","title":{"rendered":"PalmaActiva y la Fundaci\u00f3n Bit, juntas en la creaci\u00f3n de empresas innovadoras"},"content":{"rendered":"<h4>El acuerdo de colaboraci\u00f3n permitir\u00e1 la cooperaci\u00f3n empresarial de las empresas y emprendedores de Palma y explotar las sinergias entre los servicios ofrecidos desde ambas entidades.<\/h4>\n<figure id=\"attachment_3213\" aria-describedby=\"caption-attachment-3213\" style=\"width: 2000px\" class=\"wp-caption alignnone\"><img decoding=\"async\" loading=\"lazy\" src=\"https:\/\/web.palmaactiva.com\/wp-content\/uploads\/2017\/06\/P6120100.jpg\" alt=\"PalmaActiva y la Fundaci\u00f3n Bit, juntas en la creaci\u00f3n de empresas innovadoras\" width=\"2000\" height=\"1333\" class=\"size-full wp-image-3213\" \/><figcaption id=\"caption-attachment-3213\" class=\"wp-caption-text\">PalmaActiva y la Fundaci\u00f3n Bit, juntas en la creaci\u00f3n de empresas innovadoras<\/figcaption><\/figure>Esta ma\u00f1ana, <strong>Joana Mar\u00eda Adrover<\/strong>, como concejala de Turismo, Comercio y Trabajo del Ayuntamiento de Palma y representante de la Agencia de Desarrollo Local PalmaActiva y <strong>Pere Fuster<\/strong> como gerente de la Fundaci\u00f3n bit han firmado el ParcBit un convenio marco de colaboraci\u00f3n para el fomento de la emprendedur\u00eda y la creaci\u00f3n de empresas innovadoras en el municipio de Palma. Han asistido tambi\u00e9n a la firma <strong>Susana Rinc\u00f3n<\/strong>, gerente de PalmaActiva y <strong>Rafael Soler<\/strong>, responsable del \u00e1rea de Emprendimiento de la Fundaci\u00f3n Bit.<\/p>\n<p>Con este convenio tanto la Fundaci\u00f3n Bit como PalmaActiva planificar\u00e1n una serie de acciones conjuntas durante el a\u00f1o 2017 basadas en la cooperaci\u00f3n empresarial, la formaci\u00f3n y la divulgaci\u00f3n y promoci\u00f3n de las nuevas tendencias tecnol\u00f3gicas aplicadas a pymes.<\/p>\n<p>As\u00ed, se planificar\u00e1n actividades de networking que permitir\u00e1n que se conozcan y puedan surgir oportunidades de cooperaci\u00f3n entre las 46 empresas del Centro de Empresas de PalmaActiva, las 20 empresas de la Incubadora EmprenBit, ubicada en el ParcBit y los proyectos de personas emprendedoras que reciban asesoramiento a ambas entidades.<\/p>\n<p>Adem\u00e1s, se ofrecer\u00e1n acciones de difusi\u00f3n e impulso del esp\u00edritu emprendedor y una propuesta de iniciativas de formaci\u00f3n conjuntas para emprendedores en el \u00e1mbito de la innovaci\u00f3n y la tecnolog\u00eda.<\/p>\n<p>Dado que PalmaActiva y Fundaci\u00f3n Bit comparten la voluntad de contribuir a fomentar la creaci\u00f3n de empresas innovadoras y la mejora de la competitividad de las pymes de reciente creaci\u00f3n, se establecer\u00e1n tambi\u00e9n mecanismos para el intercambio de buenas pr\u00e1cticas en estos \u00e1mbitos y explotar as\u00ed las sinergias entre los servicios ofrecidos por ambas entidades.<\/p>\n<p>Tanto la concejala Juana Mar\u00eda Adrover como el gerente Pedro Fuster han estado de acuerdo en destacar la importancia de la colaboraci\u00f3n en temas como la formaci\u00f3n en nuevas tecnolog\u00edas y en la evaluaci\u00f3n de proyectos innovadores. Adem\u00e1s, la concejala ha remarcado que <em>\u00abcualquier capacidad de crecimiento que se vea en l\u00edneas de colaboraci\u00f3n nuevas o incorporaciones de nuevos proyectos, PalmaActiva y el ayuntamiento de Palma estar\u00e1 disponible\u00bb<\/em>.<\/p>\n<p>La Fundaci\u00f3n Bit y el Ayuntamiento de Palma llevan colaborando desde el a\u00f1o 2012 cuando se firm\u00f3 el primer convenio. Durante todos estos a\u00f1os, el \u00e1rea de Emprendimiento de la Fundaci\u00f3n Bit ha participado en las diferentes ediciones de los Premios a la mejor iniciativa empresarial de PalmaActiva, antes Premios Eureka, para evaluar y seleccionar la mejor iniciativa empresarial dentro del \u00e1mbito de la Innovaci\u00f3n Tecnol\u00f3gica. Al premiado se le ofrece el acceso por un per\u00edodo de 6 meses y sin ning\u00fan tipo de coste en el espacio #EMPRENBIT del ParcBit, donde los proyectos se pueden beneficiar de las infraestructuras y servicios de apoyo para el lanzamiento de su producto o servicio .<\/p>\n<p>Adem\u00e1s, PalmaActiva tambi\u00e9n es una de las entidades colaboradoras en la difusi\u00f3n de la iniciativa #EmprenBit Tech Camp, una experiencia pionera en el ParcBit y orientada a acercar el emprendimiento de base tecnol\u00f3gica a estudiantes de grado universitario y de formaci\u00f3n profesional superior.<br \/>","protected":false},"excerpt":{"rendered":"<p>El acuerdo de colaboraci\u00f3n permitir\u00e1 la cooperaci\u00f3n empresarial de las empresas y emprendedores de Palma y explotar las sinergias entre los servicios ofrecidos desde ambas entidades. Esta ma\u00f1ana, Joana Mar\u00eda Adrover, como concejala de Turismo, Comercio y Trabajo del Ayuntamiento de Palma y representante de la Agencia de Desarrollo Local PalmaActiva y Pere Fuster como [&hellip;]<\/p>\n","protected":false},"author":1,"featured_media":0,"comment_status":"open","ping_status":"open","sticky":false,"template":"","format":"standard","meta":{"footnotes":""},"categories":[13,11],"tags":[],"_links":{"self":[{"href":"https:\/\/web.palmaactiva.com\/es\/wp-json\/wp\/v2\/posts\/3211"}],"collection":[{"href":"https:\/\/web.palmaactiva.com\/es\/wp-json\/wp\/v2\/posts"}],"about":[{"href":"https:\/\/web.palmaactiva.com\/es\/wp-json\/wp\/v2\/types\/post"}],"author":[{"embeddable":true,"href":"https:\/\/web.palmaactiva.com\/es\/wp-json\/wp\/v2\/users\/1"}],"replies":[{"embeddable":true,"href":"https:\/\/web.palmaactiva.com\/es\/wp-json\/wp\/v2\/comments?post=3211"}],"version-history":[{"count":3,"href":"https:\/\/web.palmaactiva.com\/es\/wp-json\/wp\/v2\/posts\/3211\/revisions"}],"predecessor-version":[{"id":3216,"href":"https:\/\/web.palmaactiva.com\/es\/wp-json\/wp\/v2\/posts\/3211\/revisions\/3216"}],"wp:attachment":[{"href":"https:\/\/web.palmaactiva.com\/es\/wp-json\/wp\/v2\/media?parent=3211"}],"wp:term":[{"taxonomy":"category","embeddable":true,"href":"https:\/\/web.palmaactiva.com\/es\/wp-json\/wp\/v2\/categories?post=3211"},{"taxonomy":"post_tag","embeddable":true,"href":"https:\/\/web.palmaactiva.com\/es\/wp-json\/wp\/v2\/tags?post=3211"}],"curies":[{"name":"wp","href":"https:\/\/api.w.org\/{rel}","templated":true}]}}