{"id":32102,"date":"2019-10-16T10:47:45","date_gmt":"2019-10-16T10:47:45","guid":{"rendered":"https:\/\/web.palmaactiva.com\/?p=32102"},"modified":"2019-10-16T10:59:51","modified_gmt":"2019-10-16T10:59:51","slug":"el-quiosc-de-palmaactiva-el-millor-aparador-per-al-pa-daqui","status":"publish","type":"post","link":"https:\/\/web.palmaactiva.com\/es\/el-quiosc-de-palmaactiva-el-millor-aparador-per-al-pa-daqui\/","title":{"rendered":"El Quiosco de PalmaActiva, el mejor escaparate para el \u00abPa d&#8217;Aqu\u00ed\u00bb"},"content":{"rendered":"<h3>Esta instalaci\u00f3n de PalmaActiva ha acogido hoy la presentaci\u00f3n de una app que permite geolocalizar los hornos que elaboran pan de forma tradicional.<\/h3>\n<figure id=\"attachment_32104\" aria-describedby=\"caption-attachment-32104\" style=\"width: 1200px\" class=\"wp-caption alignnone\"><img decoding=\"async\" loading=\"lazy\" src=\"https:\/\/web.palmaactiva.com\/wp-content\/uploads\/2019\/10\/2019.10.16-dia-mundial-del-pa-9.jpg\" alt=\"\" width=\"1200\" height=\"800\" class=\"size-full wp-image-32104\" srcset=\"https:\/\/web.palmaactiva.com\/wp-content\/uploads\/2019\/10\/2019.10.16-dia-mundial-del-pa-9.jpg 1200w, https:\/\/web.palmaactiva.com\/wp-content\/uploads\/2019\/10\/2019.10.16-dia-mundial-del-pa-9-300x200.jpg 300w, https:\/\/web.palmaactiva.com\/wp-content\/uploads\/2019\/10\/2019.10.16-dia-mundial-del-pa-9-768x512.jpg 768w, https:\/\/web.palmaactiva.com\/wp-content\/uploads\/2019\/10\/2019.10.16-dia-mundial-del-pa-9-1024x683.jpg 1024w, https:\/\/web.palmaactiva.com\/wp-content\/uploads\/2019\/10\/2019.10.16-dia-mundial-del-pa-9-400x268.jpg 400w\" sizes=\"(max-width: 1200px) 100vw, 1200px\" \/><figcaption id=\"caption-attachment-32104\" class=\"wp-caption-text\">El Quiosco de PalmaActiva, el mejor escaparate para el \u00abPa d&#8217;Aqu\u00ed\u00bb<\/figcaption><\/figure>Con motivo del D\u00eda Mundial de Pan, el Instituto de Innovaci\u00f3n Empresarial (IDI) ha presentado hoy en el Quiosco de PalmaActiva la nueva app de la marca \u00abPa d&#8217;Aqu\u00ed\u00bb. Hoy 16 de octubre, D\u00eda Mundial del Pan, el Quiosco de PalmaActiva ha acogido una cata de pan gratuito entre las 9 y las 14 horas, degustaci\u00f3n ofrecida por el IDI y por la Asociaci\u00f3n de Panaderos y Pasteleros.<\/p>\n<p>El director general de Comercio del Gobierno, <strong>Miquel Pi\u00f1ol<\/strong>, ha presentado esta ma\u00f1ana la nueva aplicaci\u00f3n para m\u00f3viles de \u00abPa d&#8217;Aqu\u00ed. Forn i Tradici\u00f3\u00bb, que permite geolocalizar los hornos adheridos a la marca as\u00ed como dar a conocer la tipolog\u00eda de panes considerados tradicionales en las Islas Baleares. A trav\u00e9s de la app, los usuarios pueden saber el establecimiento de \u00abPa d&#8217;Aqu\u00ed\u00bb que tienen m\u00e1s cerca, y los productos y las especialidades de cada horno. El objetivo es que la aplicaci\u00f3n sea una herramienta de promoci\u00f3n para los establecimientos que elaboran pan de forma tradicional, adem\u00e1s de poner en valor el oficio de la panader\u00eda y todo el mundo que la rodea.<\/p>\n<p>El IDI (Instituto de Innovaci\u00f3n Empresarial de las Islas Baleares) cre\u00f3 junto con la Asociaci\u00f3n de Panaderos y Pasteleros de las Islas Baleares el distintivo de calidad \u00abPa d&#8217;Aqu\u00ed. Forn i Tradici\u00f3\u00bb para fomentar el consumo de pan tradicional y saludable frente al industrial.<\/p>\n<p><img decoding=\"async\" src=\"https:\/\/web.palmaactiva.com\/wp-content\/uploads\/2019\/10\/2019.10.16-dia-mundial-del-pa-10-1024x683.jpg\" alt=\"\" width=\"50%\" class=\"alignleft size-large wp-image-32105\" srcset=\"https:\/\/web.palmaactiva.com\/wp-content\/uploads\/2019\/10\/2019.10.16-dia-mundial-del-pa-10-1024x683.jpg 1024w, https:\/\/web.palmaactiva.com\/wp-content\/uploads\/2019\/10\/2019.10.16-dia-mundial-del-pa-10-300x200.jpg 300w, https:\/\/web.palmaactiva.com\/wp-content\/uploads\/2019\/10\/2019.10.16-dia-mundial-del-pa-10-768x512.jpg 768w, https:\/\/web.palmaactiva.com\/wp-content\/uploads\/2019\/10\/2019.10.16-dia-mundial-del-pa-10-400x268.jpg 400w, https:\/\/web.palmaactiva.com\/wp-content\/uploads\/2019\/10\/2019.10.16-dia-mundial-del-pa-10.jpg 1200w\" sizes=\"(max-width: 1024px) 100vw, 1024px\" \/>La presentaci\u00f3n de la nueva aplicaci\u00f3n se ha llevado a cabo durante la celebraci\u00f3n del D\u00eda Mundial del Pan. Con motivo de esta fecha, el IDI y la Asociaci\u00f3n de Panaderos y Pasteleros han organizado una cata de pan gratuito al Quiosco de PalmaActiva de la plaza del Olivar de Palma. Durante toda la ma\u00f1ana, la ciudadan\u00eda ha podido disfrutar de pan acompa\u00f1ado de sobrasada, aceite, queso y pat\u00e9. En total, se han repartido alrededor de veinte kilos de pan de xeixa moreno.<br \/>\n\u00a0<br \/>\nEl concejal de Promoci\u00f3n Econ\u00f3mica y Empleo <strong>Rodrigo Romero<\/strong>, ha asistido a la cata junto con el director general de Comercio del Gobierno,<strong> Miquel Pi\u00f1ol<\/strong>; la directora gerente del IDI, <strong>Mariona Luis<\/strong>; el director general de Comercio de Palma, <strong>Fabrizio Di Giacomo<\/strong>; y el gerente de la Asociaci\u00f3n de Panaderos y Pasteleros, <strong>Josep Magraner<\/strong>.<\/p>\n<p><img decoding=\"async\" src=\"https:\/\/web.palmaactiva.com\/wp-content\/uploads\/2019\/10\/IMG_0820-1024x768.jpg\" alt=\"\" width=\"50%\" class=\"alignleft size-large wp-image-32106\" srcset=\"https:\/\/web.palmaactiva.com\/wp-content\/uploads\/2019\/10\/IMG_0820-1024x768.jpg 1024w, https:\/\/web.palmaactiva.com\/wp-content\/uploads\/2019\/10\/IMG_0820-300x225.jpg 300w, https:\/\/web.palmaactiva.com\/wp-content\/uploads\/2019\/10\/IMG_0820-768x576.jpg 768w, https:\/\/web.palmaactiva.com\/wp-content\/uploads\/2019\/10\/IMG_0820.jpg 1200w\" sizes=\"(max-width: 1024px) 100vw, 1024px\" \/>La celebraci\u00f3n del D\u00eda Mundial del Pan ha servido para promocionar la marca \u00abPa d&#8217;Aqu\u00ed\u00bb, que se puede encontrar en las panader\u00edas y pasteler\u00edas de las Islas Baleares con obrador con un m\u00ednimo del 70% de productos de elaboraci\u00f3n propia y que elaboren al menos dos variedades consideradas t\u00edpicas de las Islas Baleares. Actualmente, en las Islas existen 304 establecimientos adheridos a \u00abPa d&#8217;Aqu\u00ed\u00bb -Mallorca tiene 239-. Los panes considerados tradicionales de las Islas son el pan pay\u00e9s (blanco o moreno), el pan de xeixa, el llonguet, el panet d&#8217;oli, las galletas fuertes, la galleta de aceite, el c\u00f3c, la magraneta y la viena.<\/p>\n<p>La cata de pan gratuito en la calle ha contado con la colaboraci\u00f3n del Ayuntamiento de Palma, que ha cedido el Quiosco de PalmaActiva para promocionar la marca \u00abPa d&#8217;Aqu\u00ed\u00bb, y del Consejo Regulador IGP Sobrasada de Mallorca, Consejo Regulador denominaci\u00f3n de Origen Queso Mah\u00f3n, denominaci\u00f3n de Origen Aceite de Mallorca, y Embutidos Munar.","protected":false},"excerpt":{"rendered":"<p>Esta instalaci\u00f3n de PalmaActiva ha acogido hoy la presentaci\u00f3n de una app que permite geolocalizar los hornos que elaboran pan de forma tradicional. Con motivo del D\u00eda Mundial de Pan, el Instituto de Innovaci\u00f3n Empresarial (IDI) ha presentado hoy en el Quiosco de PalmaActiva la nueva app de la marca \u00abPa d&#8217;Aqu\u00ed\u00bb. Hoy 16 de [&hellip;]<\/p>\n","protected":false},"author":1,"featured_media":32104,"comment_status":"open","ping_status":"open","sticky":false,"template":"","format":"standard","meta":{"footnotes":""},"categories":[29,13,11],"tags":[],"_links":{"self":[{"href":"https:\/\/web.palmaactiva.com\/es\/wp-json\/wp\/v2\/posts\/32102"}],"collection":[{"href":"https:\/\/web.palmaactiva.com\/es\/wp-json\/wp\/v2\/posts"}],"about":[{"href":"https:\/\/web.palmaactiva.com\/es\/wp-json\/wp\/v2\/types\/post"}],"author":[{"embeddable":true,"href":"https:\/\/web.palmaactiva.com\/es\/wp-json\/wp\/v2\/users\/1"}],"replies":[{"embeddable":true,"href":"https:\/\/web.palmaactiva.com\/es\/wp-json\/wp\/v2\/comments?post=32102"}],"version-history":[{"count":4,"href":"https:\/\/web.palmaactiva.com\/es\/wp-json\/wp\/v2\/posts\/32102\/revisions"}],"predecessor-version":[{"id":32816,"href":"https:\/\/web.palmaactiva.com\/es\/wp-json\/wp\/v2\/posts\/32102\/revisions\/32816"}],"wp:featuredmedia":[{"embeddable":true,"href":"https:\/\/web.palmaactiva.com\/es\/wp-json\/wp\/v2\/media\/32104"}],"wp:attachment":[{"href":"https:\/\/web.palmaactiva.com\/es\/wp-json\/wp\/v2\/media?parent=32102"}],"wp:term":[{"taxonomy":"category","embeddable":true,"href":"https:\/\/web.palmaactiva.com\/es\/wp-json\/wp\/v2\/categories?post=32102"},{"taxonomy":"post_tag","embeddable":true,"href":"https:\/\/web.palmaactiva.com\/es\/wp-json\/wp\/v2\/tags?post=32102"}],"curies":[{"name":"wp","href":"https:\/\/api.w.org\/{rel}","templated":true}]}}