{"id":31812,"date":"2019-10-09T07:03:57","date_gmt":"2019-10-09T07:03:57","guid":{"rendered":"https:\/\/web.palmaactiva.com\/?p=31812"},"modified":"2019-10-09T07:03:57","modified_gmt":"2019-10-09T07:03:57","slug":"visita-del-regidor-de-promocio-economica-i-ocupacio-al-centre-dempreses-de-palmaactiva","status":"publish","type":"post","link":"https:\/\/web.palmaactiva.com\/es\/visita-del-regidor-de-promocio-economica-i-ocupacio-al-centre-dempreses-de-palmaactiva\/","title":{"rendered":"Visita del concejal de Promoci\u00f3n Econ\u00f3mica y Empleo en el Centro de Empresas de PalmaActiva"},"content":{"rendered":"<h3>Rodrigo Romero ha podido conocer de primera mano las opiniones y necesidades de las personas emprendedoras instaladas en este espacio.<\/h3>\n<figure id=\"attachment_31815\" aria-describedby=\"caption-attachment-31815\" style=\"width: 1200px\" class=\"wp-caption alignnone\"><img decoding=\"async\" loading=\"lazy\" src=\"https:\/\/web.palmaactiva.com\/wp-content\/uploads\/2019\/10\/2019.10.02-visita-centro-de-empresas-6.jpg\" alt=\"\" width=\"1200\" height=\"812\" class=\"size-full wp-image-31815\" srcset=\"https:\/\/web.palmaactiva.com\/wp-content\/uploads\/2019\/10\/2019.10.02-visita-centro-de-empresas-6.jpg 1200w, https:\/\/web.palmaactiva.com\/wp-content\/uploads\/2019\/10\/2019.10.02-visita-centro-de-empresas-6-300x203.jpg 300w, https:\/\/web.palmaactiva.com\/wp-content\/uploads\/2019\/10\/2019.10.02-visita-centro-de-empresas-6-768x520.jpg 768w, https:\/\/web.palmaactiva.com\/wp-content\/uploads\/2019\/10\/2019.10.02-visita-centro-de-empresas-6-1024x693.jpg 1024w\" sizes=\"(max-width: 1200px) 100vw, 1200px\" \/><figcaption id=\"caption-attachment-31815\" class=\"wp-caption-text\">Visita del concejal de Promoci\u00f3n Econ\u00f3mica y Empleo en el Centro de Empresas de PalmaActiva<\/figcaption><\/figure>El concejal de Promoci\u00f3n Econ\u00f3mica y Empleo <strong>Rodrigo Romero<\/strong> ha visitado el Centro de Empresas de PalmaActiva, un espacio formado por 17 locales, 7 despachos, un coworking y el Quiosco.<\/p>\n<p>Durante la visita, Romero que ha estado acompa\u00f1ado por el equipo directivo de PalmaActiva, ha podido charlar con las personas emprendedoras que trabajan en el coworking y en algunos de los locales del Centro de Empresas. <em>\u00abEstos encuentros informales han sido muy interesantes porque nos han permitido conocer de primera mano la realidad de estas empresas que empiezan, hemos podido intercambiar impresiones y tomar nota de las mejoras que nos han sugerido\u00bb<\/em>, dice el presidente de PalmaActiva.<\/p>\n<p><img decoding=\"async\" src=\"https:\/\/web.palmaactiva.com\/wp-content\/uploads\/2019\/10\/2019.10.02-visita-centro-de-empresas-9-1024x683.jpg\" alt=\"\" width=\"50%\" class=\"alignleft size-large wp-image-31816\" srcset=\"https:\/\/web.palmaactiva.com\/wp-content\/uploads\/2019\/10\/2019.10.02-visita-centro-de-empresas-9-1024x683.jpg 1024w, https:\/\/web.palmaactiva.com\/wp-content\/uploads\/2019\/10\/2019.10.02-visita-centro-de-empresas-9-300x200.jpg 300w, https:\/\/web.palmaactiva.com\/wp-content\/uploads\/2019\/10\/2019.10.02-visita-centro-de-empresas-9-768x512.jpg 768w, https:\/\/web.palmaactiva.com\/wp-content\/uploads\/2019\/10\/2019.10.02-visita-centro-de-empresas-9-400x268.jpg 400w, https:\/\/web.palmaactiva.com\/wp-content\/uploads\/2019\/10\/2019.10.02-visita-centro-de-empresas-9.jpg 1200w\" sizes=\"(max-width: 1024px) 100vw, 1024px\" \/>Romero explica que siguiendo en la l\u00ednea de los \u00faltimos a\u00f1os, <em>\u00ablos 17 locales y 7 despachos que tenemos est\u00e1n ocupados al 100%, lo que demuestra que tanto la situaci\u00f3n como el precio que ofrecemos es atractivo para las empresas que empiezan\u00bb<\/em>. <em>\u00abQuiero animar a los emprendedores a presentar solicitudes para poder instalarse en nuestros locales, despachos y coworking, la lista de espera para acceder a los locales y despachos ordena por puntuaci\u00f3n y gracias a la rotaci\u00f3n de las empresas estamos ofreciendo locales en m\u00e1s del 70% de los proyectos que quieren venir en un periodo inferior a 6 meses\u00bb<\/em>, ha a\u00f1adido el concejal.<\/p>\n<h4>Centro de Empresas<\/h4>\n<p>El centro de empresas de PalmaActiva est\u00e1 formado por 17 locales al mismo nivel de calle, 7 despachos y un coworking con 20 puestos de trabajo.<\/p>\n<p>Las principales ventajas del centro de empresas de PalmaActiva son:<br \/>\n\u2022 Precios competitivos.<br \/>\n\u2022 Su ubicaci\u00f3n en el centro de Palma.<br \/>\n\u2022 Los despachos y coworking ofrecen servicios como internet, limpieza, climatizaci\u00f3n&#8230;<br \/>\n\u2022 Posibilidades de colaboraci\u00f3n y \u00abnetworking\u00bb entre empresas de diferentes perfiles.<\/p>\n<p><img decoding=\"async\" src=\"https:\/\/web.palmaactiva.com\/wp-content\/uploads\/2019\/10\/2019.10.02-visita-centro-de-empresas-13-1024x683.jpg\" alt=\"\" width=\"50%\" class=\"alignleft size-large wp-image-31817\" srcset=\"https:\/\/web.palmaactiva.com\/wp-content\/uploads\/2019\/10\/2019.10.02-visita-centro-de-empresas-13-1024x683.jpg 1024w, https:\/\/web.palmaactiva.com\/wp-content\/uploads\/2019\/10\/2019.10.02-visita-centro-de-empresas-13-300x200.jpg 300w, https:\/\/web.palmaactiva.com\/wp-content\/uploads\/2019\/10\/2019.10.02-visita-centro-de-empresas-13-768x512.jpg 768w, https:\/\/web.palmaactiva.com\/wp-content\/uploads\/2019\/10\/2019.10.02-visita-centro-de-empresas-13-400x268.jpg 400w, https:\/\/web.palmaactiva.com\/wp-content\/uploads\/2019\/10\/2019.10.02-visita-centro-de-empresas-13.jpg 1200w\" sizes=\"(max-width: 1024px) 100vw, 1024px\" \/>Las solicitudes para instalarse en el centro de empresas de PalmaActiva se pueden presentar durante todo el a\u00f1o en una convocatoria permanentemente abierta que permite lista de espera.<\/p>\n<p>Pueden formar parte del centro de empresas de PalmaActiva proyectos empresariales sobre cualquier actividad que sea l\u00edcita y que sean de econom\u00eda creativa.<br \/>\n\n<div class=\"su-button-center\"><a href=\"https:\/\/web.palmaactiva.com\/centre-empreses\/\" class=\"su-button su-button-style-flat\" style=\"color:#ffffff;background-color:#e03e52;border-color:#b43242;border-radius:6px;-moz-border-radius:6px;-webkit-border-radius:6px\" target=\"_blank\" rel=\"noopener noreferrer\"><span style=\"color:#ffffff;padding:6px 18px;font-size:14px;line-height:21px;border-color:#ea7886;border-radius:6px;-moz-border-radius:6px;-webkit-border-radius:6px;text-shadow:none;-moz-text-shadow:none;-webkit-text-shadow:none\"><i class=\"sui sui-pencil-square-o\" style=\"font-size:14px;color:#FFFFFF\"><\/i> Visita la web del Centro de Empresas<\/span><\/a><\/div>","protected":false},"excerpt":{"rendered":"<p>Rodrigo Romero ha podido conocer de primera mano las opiniones y necesidades de las personas emprendedoras instaladas en este espacio. El concejal de Promoci\u00f3n Econ\u00f3mica y Empleo Rodrigo Romero ha visitado el Centro de Empresas de PalmaActiva, un espacio formado por 17 locales, 7 despachos, un coworking y el Quiosco. Durante la visita, Romero que [&hellip;]<\/p>\n","protected":false},"author":1,"featured_media":31815,"comment_status":"open","ping_status":"open","sticky":false,"template":"","format":"standard","meta":{"footnotes":""},"categories":[13,11],"tags":[],"_links":{"self":[{"href":"https:\/\/web.palmaactiva.com\/es\/wp-json\/wp\/v2\/posts\/31812"}],"collection":[{"href":"https:\/\/web.palmaactiva.com\/es\/wp-json\/wp\/v2\/posts"}],"about":[{"href":"https:\/\/web.palmaactiva.com\/es\/wp-json\/wp\/v2\/types\/post"}],"author":[{"embeddable":true,"href":"https:\/\/web.palmaactiva.com\/es\/wp-json\/wp\/v2\/users\/1"}],"replies":[{"embeddable":true,"href":"https:\/\/web.palmaactiva.com\/es\/wp-json\/wp\/v2\/comments?post=31812"}],"version-history":[{"count":3,"href":"https:\/\/web.palmaactiva.com\/es\/wp-json\/wp\/v2\/posts\/31812\/revisions"}],"predecessor-version":[{"id":31820,"href":"https:\/\/web.palmaactiva.com\/es\/wp-json\/wp\/v2\/posts\/31812\/revisions\/31820"}],"wp:featuredmedia":[{"embeddable":true,"href":"https:\/\/web.palmaactiva.com\/es\/wp-json\/wp\/v2\/media\/31815"}],"wp:attachment":[{"href":"https:\/\/web.palmaactiva.com\/es\/wp-json\/wp\/v2\/media?parent=31812"}],"wp:term":[{"taxonomy":"category","embeddable":true,"href":"https:\/\/web.palmaactiva.com\/es\/wp-json\/wp\/v2\/categories?post=31812"},{"taxonomy":"post_tag","embeddable":true,"href":"https:\/\/web.palmaactiva.com\/es\/wp-json\/wp\/v2\/tags?post=31812"}],"curies":[{"name":"wp","href":"https:\/\/api.w.org\/{rel}","templated":true}]}}