{"id":31106,"date":"2019-09-19T12:57:25","date_gmt":"2019-09-19T12:57:25","guid":{"rendered":"https:\/\/web.palmaactiva.com\/?p=31106"},"modified":"2019-09-19T12:57:25","modified_gmt":"2019-09-19T12:57:25","slug":"nova-edicio-de-la-fira-destocs","status":"publish","type":"post","link":"https:\/\/web.palmaactiva.com\/es\/nova-edicio-de-la-fira-destocs\/","title":{"rendered":"Nueva edici\u00f3n de la feria de stocks"},"content":{"rendered":"<h3>\n<ul>\n<li>Vuelve a tener lugar entre hoy y el s\u00e1bado a petici\u00f3n de PIMECO.<\/li>\n<li>Gracias a esta iniciativa, que promueve esta asociaci\u00f3n empresarial y en la que apoya PalmaActiva, el comercio puede salir a la calle para vender sus productos de fin de temporada.<\/li>\n<\/ul>\n<\/h3>\n<figure id=\"attachment_31107\" aria-describedby=\"caption-attachment-31107\" style=\"width: 2340px\" class=\"wp-caption alignnone\"><img decoding=\"async\" loading=\"lazy\" src=\"https:\/\/web.palmaactiva.com\/wp-content\/uploads\/2019\/09\/2019.09.12-Fira-Stocs-22.jpg\" alt=\"\" width=\"2340\" height=\"1564\" class=\"size-full wp-image-31107\" \/><figcaption id=\"caption-attachment-31107\" class=\"wp-caption-text\">Nueva edici\u00f3n de la feria de stocks<\/figcaption><\/figure>Entre hoy y el s\u00e1bado vuelve a tener lugar en Palma la feria de stocks de PIMECO. La patronal del peque\u00f1o comercio solicit\u00f3 al Ayuntamiento volver a hacer esta actividad debido al mal tiempo de la semana pasada, que merm\u00f3 la afluencia de p\u00fablico en las calles comerciales de Palma.<\/p>\n<p>Seg\u00fan <strong>Rodrigo Romero<\/strong>, concejal de Promoci\u00f3n Econ\u00f3mica y Empleo, <em>\u00abhemos atendido la petici\u00f3n de PIMECO ya que como siempre queremos dar el m\u00e1ximo apoyo a las actividades dinamizadoras del comercio\u00bb<\/em>.<\/p>\n<p>Gracias a esta iniciativa, los comercios pueden vender sus productos de fin de temporada. Esta feria de stocks tiene lugar por toda la ciudad, habiendo paradas en las calles Sindicato, Geranios, Olmos, Bar\u00f3n Santa Mar\u00eda del Sepulcro, camino de la Vileta y en la avenida Alexandre Rossell\u00f3.<\/p>\n<p><em>\u00abEl \u00e1rea de Comercio de PalmaActiva se encarga de la tramitaci\u00f3n de los permisos y de obtener los informes de otras \u00e1reas municipales\u00bb<\/em>, explica Romero, que a\u00f1ade que el apoyo al comercio de proximidad es uno de los principales ejes de su concejal\u00eda .<\/p>\n<p>Durante la feria, los establecimientos tienen la ocasi\u00f3n de vender productos y mercanc\u00edas, con lo cual pueden dar salida a todo aquello que no se haya vendido durante la temporada. As\u00ed, se permite al p\u00fablico acceder a unos productos y mercanc\u00edas con la misma garant\u00eda de compra y a un precio interesante. Los establecimientos inscritos para poder montar una parada en la calle, lo pueden hacer justo delante de la fachada de su local.<br \/>","protected":false},"excerpt":{"rendered":"<p>Vuelve a tener lugar entre hoy y el s\u00e1bado a petici\u00f3n de PIMECO. Gracias a esta iniciativa, que promueve esta asociaci\u00f3n empresarial y en la que apoya PalmaActiva, el comercio puede salir a la calle para vender sus productos de fin de temporada. Entre hoy y el s\u00e1bado vuelve a tener lugar en Palma la [&hellip;]<\/p>\n","protected":false},"author":1,"featured_media":0,"comment_status":"open","ping_status":"open","sticky":false,"template":"","format":"standard","meta":{"footnotes":""},"categories":[29,11],"tags":[],"_links":{"self":[{"href":"https:\/\/web.palmaactiva.com\/es\/wp-json\/wp\/v2\/posts\/31106"}],"collection":[{"href":"https:\/\/web.palmaactiva.com\/es\/wp-json\/wp\/v2\/posts"}],"about":[{"href":"https:\/\/web.palmaactiva.com\/es\/wp-json\/wp\/v2\/types\/post"}],"author":[{"embeddable":true,"href":"https:\/\/web.palmaactiva.com\/es\/wp-json\/wp\/v2\/users\/1"}],"replies":[{"embeddable":true,"href":"https:\/\/web.palmaactiva.com\/es\/wp-json\/wp\/v2\/comments?post=31106"}],"version-history":[{"count":1,"href":"https:\/\/web.palmaactiva.com\/es\/wp-json\/wp\/v2\/posts\/31106\/revisions"}],"predecessor-version":[{"id":31108,"href":"https:\/\/web.palmaactiva.com\/es\/wp-json\/wp\/v2\/posts\/31106\/revisions\/31108"}],"wp:attachment":[{"href":"https:\/\/web.palmaactiva.com\/es\/wp-json\/wp\/v2\/media?parent=31106"}],"wp:term":[{"taxonomy":"category","embeddable":true,"href":"https:\/\/web.palmaactiva.com\/es\/wp-json\/wp\/v2\/categories?post=31106"},{"taxonomy":"post_tag","embeddable":true,"href":"https:\/\/web.palmaactiva.com\/es\/wp-json\/wp\/v2\/tags?post=31106"}],"curies":[{"name":"wp","href":"https:\/\/api.w.org\/{rel}","templated":true}]}}