{"id":30775,"date":"2019-09-12T12:31:00","date_gmt":"2019-09-12T12:31:00","guid":{"rendered":"https:\/\/web.palmaactiva.com\/?p=30775"},"modified":"2019-09-12T12:31:00","modified_gmt":"2019-09-12T12:31:00","slug":"nova-edicio-de-la-fira-destocs-de-pimeco-2","status":"publish","type":"post","link":"https:\/\/web.palmaactiva.com\/es\/nova-edicio-de-la-fira-destocs-de-pimeco-2\/","title":{"rendered":"Nueva edici\u00f3n de la feria de stocks de PIMECO"},"content":{"rendered":"<h3>Gracias a esta iniciativa, que promueve esta asociaci\u00f3n empresarial y en la que apoya PalmaActiva, el comercio puede salir a la calle para vender sus productos de fin de temporada.<\/h3>\n<p><img decoding=\"async\" loading=\"lazy\" src=\"https:\/\/web.palmaactiva.com\/wp-content\/uploads\/2019\/09\/2019.09.12-Fira-Stocs-24.jpg\" alt=\"\" width=\"1280\" height=\"853\" class=\"alignnone size-full wp-image-30776\" srcset=\"https:\/\/web.palmaactiva.com\/wp-content\/uploads\/2019\/09\/2019.09.12-Fira-Stocs-24.jpg 1280w, https:\/\/web.palmaactiva.com\/wp-content\/uploads\/2019\/09\/2019.09.12-Fira-Stocs-24-300x200.jpg 300w, https:\/\/web.palmaactiva.com\/wp-content\/uploads\/2019\/09\/2019.09.12-Fira-Stocs-24-768x512.jpg 768w, https:\/\/web.palmaactiva.com\/wp-content\/uploads\/2019\/09\/2019.09.12-Fira-Stocs-24-1024x682.jpg 1024w, https:\/\/web.palmaactiva.com\/wp-content\/uploads\/2019\/09\/2019.09.12-Fira-Stocs-24-400x268.jpg 400w\" sizes=\"(max-width: 1280px) 100vw, 1280px\" \/><br \/>\nPalmaActiva vuelve a apoyar la feria de stocks que organiza estos d\u00edas PIMECO (Asociaci\u00f3n Empresarial del Peque\u00f1o y Mediano Comercio de Mallorca). Gracias a esta iniciativa, que tiene puestos los d\u00edas 12,13 y 14 de septiembre, los comercios pueden vender sus productos de fin de temporada. Esta feria de stocks tiene lugar por toda la ciudad, habiendo paradas por ejemplo en las calles Sindicat, Geranios, Oms, Bar\u00f3 Santa Maria del Sepulcre, camino de la Vileta y en la avenida Alexandre Rossell\u00f3.<\/p>\n<p><em>\u00abEl \u00e1rea de Comercio de PalmaActiva se encarga de la tramitaci\u00f3n de los permisos y de obtener los informe de otras \u00e1reas municipales\u00bb<\/em>, explica <strong>Rodrigo Romero<\/strong>, concejal de Promoci\u00f3n Econ\u00f3mica y Empleo. Romero a\u00f1ade que el apoyo al comercio de proximidad ser\u00e1 uno de los principales ejes de su concejal\u00eda.<\/p>\n<p>Durante la feria, los establecimientos tienen la ocasi\u00f3n de vender productos y mercanc\u00edas, con lo cual pueden dar salida a todo aquello que no se haya vendido durante la temporada. As\u00ed, se permite al p\u00fablico acceder a unos productos y mercanc\u00edas con la misma garant\u00eda de compra y a un precio interesante. Los establecimientos inscritos para poder montar una parada en la calle, lo pueden hacer justo delante de la fachada de su local y manteniendo la homogeneidad de la imagen de la campa\u00f1a.<\/p>\n<p>Seg\u00fan <strong>PIMECO<\/strong>, <em>\u00abla iniciativa ofrece tanto a residentes como a turistas un motivo m\u00e1s para el paseo y disfrute de Palma en todas sus vertientes, y una aproximaci\u00f3n al atractivo de los establecimientos urbanos de nuestra ciudad\u00bb<\/em>.<br \/>","protected":false},"excerpt":{"rendered":"<p>Gracias a esta iniciativa, que promueve esta asociaci\u00f3n empresarial y en la que apoya PalmaActiva, el comercio puede salir a la calle para vender sus productos de fin de temporada.<\/p>\n","protected":false},"author":1,"featured_media":30776,"comment_status":"open","ping_status":"open","sticky":false,"template":"","format":"standard","meta":{"footnotes":""},"categories":[29,13,11],"tags":[],"_links":{"self":[{"href":"https:\/\/web.palmaactiva.com\/es\/wp-json\/wp\/v2\/posts\/30775"}],"collection":[{"href":"https:\/\/web.palmaactiva.com\/es\/wp-json\/wp\/v2\/posts"}],"about":[{"href":"https:\/\/web.palmaactiva.com\/es\/wp-json\/wp\/v2\/types\/post"}],"author":[{"embeddable":true,"href":"https:\/\/web.palmaactiva.com\/es\/wp-json\/wp\/v2\/users\/1"}],"replies":[{"embeddable":true,"href":"https:\/\/web.palmaactiva.com\/es\/wp-json\/wp\/v2\/comments?post=30775"}],"version-history":[{"count":3,"href":"https:\/\/web.palmaactiva.com\/es\/wp-json\/wp\/v2\/posts\/30775\/revisions"}],"predecessor-version":[{"id":30779,"href":"https:\/\/web.palmaactiva.com\/es\/wp-json\/wp\/v2\/posts\/30775\/revisions\/30779"}],"wp:featuredmedia":[{"embeddable":true,"href":"https:\/\/web.palmaactiva.com\/es\/wp-json\/wp\/v2\/media\/30776"}],"wp:attachment":[{"href":"https:\/\/web.palmaactiva.com\/es\/wp-json\/wp\/v2\/media?parent=30775"}],"wp:term":[{"taxonomy":"category","embeddable":true,"href":"https:\/\/web.palmaactiva.com\/es\/wp-json\/wp\/v2\/categories?post=30775"},{"taxonomy":"post_tag","embeddable":true,"href":"https:\/\/web.palmaactiva.com\/es\/wp-json\/wp\/v2\/tags?post=30775"}],"curies":[{"name":"wp","href":"https:\/\/api.w.org\/{rel}","templated":true}]}}