{"id":30735,"date":"2019-09-12T06:22:20","date_gmt":"2019-09-12T06:22:20","guid":{"rendered":"https:\/\/web.palmaactiva.com\/?p=30735"},"modified":"2019-09-12T06:22:20","modified_gmt":"2019-09-12T06:22:20","slug":"la-ii-llancadora-docupacio-de-palmaactiva-finalitza-amb-un-76-dinsercio-laboral","status":"publish","type":"post","link":"https:\/\/web.palmaactiva.com\/es\/la-ii-llancadora-docupacio-de-palmaactiva-finalitza-amb-un-76-dinsercio-laboral\/","title":{"rendered":"La II Lanzadera de Empleo de PalmaActiva finaliza con un 76% de inserci\u00f3n laboral"},"content":{"rendered":"<h3>La II Lanzadera de Empleo de Palma ha concluido con muy buenos resultados ya que 19 de los 25 participantes han encontrado trabajo en diferentes sectores.<\/h3>\n<figure id=\"attachment_30738\" aria-describedby=\"caption-attachment-30738\" style=\"width: 1200px\" class=\"wp-caption alignnone\"><img decoding=\"async\" loading=\"lazy\" src=\"https:\/\/web.palmaactiva.com\/wp-content\/uploads\/2019\/09\/2019.05.15-PalmaActiva-visita-llan\u00e7adora-3.jpg\" alt=\"\" width=\"1200\" height=\"900\" class=\"size-full wp-image-30738\" srcset=\"https:\/\/web.palmaactiva.com\/wp-content\/uploads\/2019\/09\/2019.05.15-PalmaActiva-visita-llan\u00e7adora-3.jpg 1200w, https:\/\/web.palmaactiva.com\/wp-content\/uploads\/2019\/09\/2019.05.15-PalmaActiva-visita-llan\u00e7adora-3-300x225.jpg 300w, https:\/\/web.palmaactiva.com\/wp-content\/uploads\/2019\/09\/2019.05.15-PalmaActiva-visita-llan\u00e7adora-3-768x576.jpg 768w, https:\/\/web.palmaactiva.com\/wp-content\/uploads\/2019\/09\/2019.05.15-PalmaActiva-visita-llan\u00e7adora-3-1024x768.jpg 1024w\" sizes=\"(max-width: 1200px) 100vw, 1200px\" \/><figcaption id=\"caption-attachment-30738\" class=\"wp-caption-text\">La II Lanzadera de Empleo de PalmaActiva finaliza con un 76% de inserci\u00f3n laboral<\/figcaption><\/figure>Despu\u00e9s de cinco meses ofreciendo orientaci\u00f3n laboral a una veintena de personas en paro, la II Lanzadera de Empleo de Palma ha concluido con muy buenos resultados ya que 19 de los 25 participantes han encontrado trabajo en diferentes sectores. La lanzadera empez\u00f3 a funcionar a finales de marzo como una colaboraci\u00f3n p\u00fablico en la lucha contra el paro impulsada por Fundaci\u00f3n Santa Mar\u00eda la Real, Fundaci\u00f3n Telef\u00f3nica y el Ayuntamiento de Palma mediante PalmaActiva. Esta iniciativa cuenta con la cofinanciaci\u00f3n del Fondo Social Europeo a trav\u00e9s del programa operativo POISES (Programa Operativo de Inclusi\u00f3n y Econom\u00eda Social).<\/p>\n<p>Veinticinco personas en situaci\u00f3n de desempleo, con edades comprendidas entre los 18 y los 60 a\u00f1os; con diferentes niveles de estudios y trayectorias profesionales, han participado en esta segunda edici\u00f3n de la lanzadera. Guiados por la t\u00e9cnica Lola Romillo, estas personas han realizado actividades para reactivar la b\u00fasqueda de trabajo: han aprendido a hacer un plan de prospecci\u00f3n laboral, a modernizar su curr\u00edculum, a actuar correctamente en una entrevista o proceso de selecci\u00f3n&#8230; Tambi\u00e9n conocido nuevas t\u00e9cnicas de comunicaci\u00f3n, marketing y marca personal y han organizado un completo calendario de visitas a empresas.<\/p>\n<p>Estas actividades han dado su fruto, ya que 19 participantes han encontrado trabajo por cuenta ajena en diferentes sectores (hosteler\u00eda, servicios, administraci\u00f3n o comercio, entre otros); lo que conlleva un porcentaje de \u00e9xito del 76% en los cinco meses de la lanzadera.<\/p>\n<h4>Muy buenos resultados<\/h4>\n<p><strong>Rodrigo Romero<\/strong>, concejal de Promoci\u00f3n Econ\u00f3mica y Empleo, ha mostrado su satisfacci\u00f3n por los buenos resultados de esta lanzadera: <em>\u00abNuestra intenci\u00f3n es poner en marcha una tercera lanzadera en Palma ya que el nivel de inserci\u00f3n de esta iniciativa es excepcional, agradecemos mucho a la Fundaci\u00f3n Santa Mar\u00eda la Real y la Fundaci\u00f3n Telef\u00f3nica que cuenten con nosotros para este proyecto\u00bb<\/em>.<\/p>\n<p>La t\u00e9cnica <strong>Lola Romillo<\/strong>, que ha coordinado la lanzadera, destaca no s\u00f3lo la tasa de inserci\u00f3n, sino especialmente el cambio de actitud que han experimentado los participantes: <em>\u00abSon personas muy diferentes que ahora cuentan con nuevos conocimientos, t\u00e9cnicas y herramientas para seguir realizando su prospecci\u00f3n laboral, ahora tienen m\u00e1s confianza y seguridad para afrontar las entrevistas; m\u00e1s recursos y una red de contactos m\u00e1s reforzada para conseguir su oportunidad laboral\u00bb<\/em>.<br \/>\n\n&nbsp;<br \/>\n<img decoding=\"async\" loading=\"lazy\" src=\"https:\/\/web.palmaactiva.com\/wp-content\/uploads\/2019\/09\/logos_lanzadera.jpg\" alt=\"\" width=\"695\" height=\"86\" class=\"alignnone size-full wp-image-30742\" \/><\/p>","protected":false},"excerpt":{"rendered":"<p>La II Lanzadera de Empleo de Palma ha concluido con muy buenos resultados ya que 19 de los 25 participantes han encontrado trabajo en diferentes sectores.<\/p>\n","protected":false},"author":1,"featured_media":30738,"comment_status":"open","ping_status":"open","sticky":false,"template":"","format":"standard","meta":{"footnotes":""},"categories":[12,11],"tags":[],"_links":{"self":[{"href":"https:\/\/web.palmaactiva.com\/es\/wp-json\/wp\/v2\/posts\/30735"}],"collection":[{"href":"https:\/\/web.palmaactiva.com\/es\/wp-json\/wp\/v2\/posts"}],"about":[{"href":"https:\/\/web.palmaactiva.com\/es\/wp-json\/wp\/v2\/types\/post"}],"author":[{"embeddable":true,"href":"https:\/\/web.palmaactiva.com\/es\/wp-json\/wp\/v2\/users\/1"}],"replies":[{"embeddable":true,"href":"https:\/\/web.palmaactiva.com\/es\/wp-json\/wp\/v2\/comments?post=30735"}],"version-history":[{"count":5,"href":"https:\/\/web.palmaactiva.com\/es\/wp-json\/wp\/v2\/posts\/30735\/revisions"}],"predecessor-version":[{"id":30744,"href":"https:\/\/web.palmaactiva.com\/es\/wp-json\/wp\/v2\/posts\/30735\/revisions\/30744"}],"wp:featuredmedia":[{"embeddable":true,"href":"https:\/\/web.palmaactiva.com\/es\/wp-json\/wp\/v2\/media\/30738"}],"wp:attachment":[{"href":"https:\/\/web.palmaactiva.com\/es\/wp-json\/wp\/v2\/media?parent=30735"}],"wp:term":[{"taxonomy":"category","embeddable":true,"href":"https:\/\/web.palmaactiva.com\/es\/wp-json\/wp\/v2\/categories?post=30735"},{"taxonomy":"post_tag","embeddable":true,"href":"https:\/\/web.palmaactiva.com\/es\/wp-json\/wp\/v2\/tags?post=30735"}],"curies":[{"name":"wp","href":"https:\/\/api.w.org\/{rel}","templated":true}]}}