{"id":2800,"date":"2017-04-21T12:40:04","date_gmt":"2017-04-21T12:40:04","guid":{"rendered":"http:\/\/web.palmaactiva.com\/?p=2800"},"modified":"2017-04-21T12:59:20","modified_gmt":"2017-04-21T12:59:20","slug":"establecimientos-del-entorno-de-la-calle-sant-nicolau-organizan-la-fiesta-de-la-primavera-para-dinamizar-el-tejido-comercial-de-la-zona","status":"publish","type":"post","link":"https:\/\/web.palmaactiva.com\/es\/establecimientos-del-entorno-de-la-calle-sant-nicolau-organizan-la-fiesta-de-la-primavera-para-dinamizar-el-tejido-comercial-de-la-zona\/","title":{"rendered":"Establecimientos del entorno de la calle Sant Nicolau organizan la Fiesta de la Primavera para dinamizar el tejido comercial de la zona"},"content":{"rendered":"<h4>Unos cuarenta establecimientos comerciales de la zona de la c. Sant Nicolau, pl. Chopin &#8230; organizan esta actividad de promoci\u00f3n y de dinamizaci\u00f3n del tejido comercial de la zona.<\/h4>\n<img decoding=\"async\" loading=\"lazy\" src=\"https:\/\/web.palmaactiva.com\/wp-content\/uploads\/2017\/04\/bannerFB.png\" alt=\"Establecimientos del entorno de la calle Sant Nicolau organizan la Fiesta de la Primavera para dinamizar el tejido comercial de la zona\" width=\"1200\" height=\"627\" class=\"size-full wp-image-2801\" \/>El pr\u00f3ximo s\u00e1bado d\u00eda 22 de abril de 10h a 20h un nutrido grupo de establecimientos comerciales de la zona de la c. San Nicol\u00e1s, pl. Chopin&#8230; han organizado una actividad de promoci\u00f3n y de dinamizaci\u00f3n del tejido comercial de esta zona.<\/p>\n<p>Desde el primer momento, la iniciativa ha tenido buena acogida entre los comercios y a d\u00eda de hoy ya cuenta con la adhesi\u00f3n de 39 establecimientos dedicados a la venta de ropa, complementos, joyas, comestibles&#8230;<\/p>\n<p>La iniciativa incluye el trazado que conforman las calles de Jovellanos, Paraires, Sant Nicolau, Guixers, Orfila, Brondo, Pas den Quint y la plaza Chopin, y entre las actividades incluye desde decoraci\u00f3n de las calles y los comercios, hasta concursos, talleres infantiles, acciones de promoci\u00f3n comercial, pasando por un concurso de escaparates que se basar\u00e1 en la participaci\u00f3n del p\u00fablico.<br \/>\n\u00a0<br \/>\nEl eje tem\u00e1tico de todo esto es la primavera. El cambio de estaci\u00f3n y la presentaci\u00f3n de la nueva temporada es el motivo que han escogido los participantes para impulsar esta zona comercial.<\/p>\n<p>El objetivo que se persigue es fomentar el comercio local y de proximidad de este lugar de Palma para que forme parte del recorrido de las personas que visitan la ciudad y para animar tambi\u00e9n a la poblaci\u00f3n residente en redescubrirlo, dado que se encuentra ubicado a una zona en la que confluyen elementos de inter\u00e9s cultural, tur\u00edstico y comercial.<\/p>\n<p>Como ya es habitual, desde la Concejal\u00eda de Turismo, Comercio y Trabajo se apoyan este tipo de iniciativas que sirven para promover el comercio local y cuentan con el apoyo del comercio de proximidad.","protected":false},"excerpt":{"rendered":"<p>Unos cuarenta establecimientos comerciales de la zona de la c. Sant Nicolau, pl. Chopin &#8230; organizan esta actividad de promoci\u00f3n y de dinamizaci\u00f3n del tejido comercial de la zona. El pr\u00f3ximo s\u00e1bado d\u00eda 22 de abril de 10h a 20h un nutrido grupo de establecimientos comerciales de la zona de la c. San Nicol\u00e1s, pl. [&hellip;]<\/p>\n","protected":false},"author":1,"featured_media":0,"comment_status":"open","ping_status":"open","sticky":false,"template":"","format":"standard","meta":{"footnotes":""},"categories":[29,13,11],"tags":[],"_links":{"self":[{"href":"https:\/\/web.palmaactiva.com\/es\/wp-json\/wp\/v2\/posts\/2800"}],"collection":[{"href":"https:\/\/web.palmaactiva.com\/es\/wp-json\/wp\/v2\/posts"}],"about":[{"href":"https:\/\/web.palmaactiva.com\/es\/wp-json\/wp\/v2\/types\/post"}],"author":[{"embeddable":true,"href":"https:\/\/web.palmaactiva.com\/es\/wp-json\/wp\/v2\/users\/1"}],"replies":[{"embeddable":true,"href":"https:\/\/web.palmaactiva.com\/es\/wp-json\/wp\/v2\/comments?post=2800"}],"version-history":[{"count":4,"href":"https:\/\/web.palmaactiva.com\/es\/wp-json\/wp\/v2\/posts\/2800\/revisions"}],"predecessor-version":[{"id":2806,"href":"https:\/\/web.palmaactiva.com\/es\/wp-json\/wp\/v2\/posts\/2800\/revisions\/2806"}],"wp:attachment":[{"href":"https:\/\/web.palmaactiva.com\/es\/wp-json\/wp\/v2\/media?parent=2800"}],"wp:term":[{"taxonomy":"category","embeddable":true,"href":"https:\/\/web.palmaactiva.com\/es\/wp-json\/wp\/v2\/categories?post=2800"},{"taxonomy":"post_tag","embeddable":true,"href":"https:\/\/web.palmaactiva.com\/es\/wp-json\/wp\/v2\/tags?post=2800"}],"curies":[{"name":"wp","href":"https:\/\/api.w.org\/{rel}","templated":true}]}}