{"id":24681,"date":"2019-04-16T06:09:45","date_gmt":"2019-04-16T06:09:45","guid":{"rendered":"https:\/\/web.palmaactiva.com\/?p=24681"},"modified":"2019-04-16T10:03:39","modified_gmt":"2019-04-16T10:03:39","slug":"palmaactiva-organitza-una-jornada-de-seleccio-de-personal-per-a-hotelbeds-easyjet-holidays","status":"publish","type":"post","link":"https:\/\/web.palmaactiva.com\/es\/palmaactiva-organitza-una-jornada-de-seleccio-de-personal-per-a-hotelbeds-easyjet-holidays\/","title":{"rendered":"PalmaActiva organiza una jornada de selecci\u00f3n de personal para Hotelbeds-EasyJet Holidays"},"content":{"rendered":"<h3>El Ayuntamiento de Palma, a trav\u00e9s de PalmaActiva, organiza conjuntamente con empresas estas jornadas para ayudar a los ciudadanos en su b\u00fasqueda de empleo.<\/h3>\n<img decoding=\"async\" loading=\"lazy\" src=\"https:\/\/web.palmaactiva.com\/wp-content\/uploads\/2019\/04\/bannerFB_ES.jpg\" alt=\"\" width=\"1200\" height=\"627\" class=\"alignnone size-full wp-image-24130\" \/>PalmaActiva llevar\u00e1 a cabo el pr\u00f3ximo viernes 26 de abril una jornada de selecci\u00f3n de personal para Hotelbeds-EasyJet Holidays. Esta empresa necesita cubrir 16 puestos de trabajo de agente de servicio al cliente. Para participar en el proceso de selecci\u00f3n es necesario <a href=\"https:\/\/web.palmaactiva.com\/empresa\/buscar-trabajadores\/jornadas-de-seleccion\/jornada-de-seleccio-per-a-hotelbeds-2\/\" rel=\"noopener\" target=\"_blank\"><strong>preinscribirse en la p\u00e1gina web de PalmaActiva<\/strong><\/a>.<\/p>\n<p>Las jornadas de selecci\u00f3n son una iniciativa de PalmaActiva donde se facilita el contacto directo entre personas que buscan trabajo y los responsables de recursos humanos que buscan candidatos para cubrir sus vacantes.<\/p>\n<p>Los requisitos que pide la empresa para estos puestos de trabajo son:<br \/>\n\u2022 Se valora poseer el t\u00edtulo de Bachiller.<br \/>\n\u2022 Excelente nivel de ingl\u00e9s.<br \/>\n\u2022 Se valora el conocimiento de alguno de los siguientes idiomas: castellano, alem\u00e1n, holand\u00e9s, franc\u00e9s, italiano o portugu\u00e9s.<br \/>\n\u2022 Se valora experiencia previa en servicio al cliente o en la industria de viajes.<br \/>\n\u2022 Conocimientos altos de inform\u00e1tica (office).<\/p>\n<p>PalmaActiva apoyar\u00e1 a Hotelbeds-EasyJet Holidays durante todas las fases de selecci\u00f3n: dando difusi\u00f3n de la oferta en redes sociales, haciendo la primera selecci\u00f3n curricular y citando a los candidatos seleccionados al evento. Adem\u00e1s, ceder\u00e1 un espacio en su sede para acoger a los preseleccionados y facilitar la realizaci\u00f3n de din\u00e1micas en grupo y entrevistas individuales.<br \/>\n\n&nbsp;<br \/>\n<a href=\"https:\/\/web.palmaactiva.com\/empresa\/buscar-trabajadores\/jornadas-de-seleccion\/jornada-de-seleccio-per-a-hotelbeds-2\/\" class=\"su-button su-button-style-flat\" style=\"color:#ffffff;background-color:#e03e52;border-color:#b43242;border-radius:6px;-moz-border-radius:6px;-webkit-border-radius:6px\" target=\"_blank\" rel=\"noopener noreferrer\"><span style=\"color:#ffffff;padding:6px 18px;font-size:14px;line-height:21px;border-color:#ea7886;border-radius:6px;-moz-border-radius:6px;-webkit-border-radius:6px;text-shadow:none;-moz-text-shadow:none;-webkit-text-shadow:none\"><i class=\"sui sui-sign-in\" style=\"font-size:14px;color:#FFFFFF\"><\/i> M\u00e1s informaci\u00f3n y preinscripci\u00f3n a la jornada<\/span><\/a>","protected":false},"excerpt":{"rendered":"<p>El Ayuntamiento de Palma, a trav\u00e9s de PalmaActiva, organiza conjuntamente con empresas estas jornadas para ayudar a los ciudadanos en su b\u00fasqueda de empleo. PalmaActiva llevar\u00e1 a cabo el pr\u00f3ximo viernes 26 de abril una jornada de selecci\u00f3n de personal para Hotelbeds-EasyJet Holidays. Esta empresa necesita cubrir 16 puestos de trabajo de agente de servicio [&hellip;]<\/p>\n","protected":false},"author":1,"featured_media":0,"comment_status":"open","ping_status":"open","sticky":false,"template":"","format":"standard","meta":{"footnotes":""},"categories":[12,11],"tags":[],"_links":{"self":[{"href":"https:\/\/web.palmaactiva.com\/es\/wp-json\/wp\/v2\/posts\/24681"}],"collection":[{"href":"https:\/\/web.palmaactiva.com\/es\/wp-json\/wp\/v2\/posts"}],"about":[{"href":"https:\/\/web.palmaactiva.com\/es\/wp-json\/wp\/v2\/types\/post"}],"author":[{"embeddable":true,"href":"https:\/\/web.palmaactiva.com\/es\/wp-json\/wp\/v2\/users\/1"}],"replies":[{"embeddable":true,"href":"https:\/\/web.palmaactiva.com\/es\/wp-json\/wp\/v2\/comments?post=24681"}],"version-history":[{"count":3,"href":"https:\/\/web.palmaactiva.com\/es\/wp-json\/wp\/v2\/posts\/24681\/revisions"}],"predecessor-version":[{"id":24685,"href":"https:\/\/web.palmaactiva.com\/es\/wp-json\/wp\/v2\/posts\/24681\/revisions\/24685"}],"wp:attachment":[{"href":"https:\/\/web.palmaactiva.com\/es\/wp-json\/wp\/v2\/media?parent=24681"}],"wp:term":[{"taxonomy":"category","embeddable":true,"href":"https:\/\/web.palmaactiva.com\/es\/wp-json\/wp\/v2\/categories?post=24681"},{"taxonomy":"post_tag","embeddable":true,"href":"https:\/\/web.palmaactiva.com\/es\/wp-json\/wp\/v2\/tags?post=24681"}],"curies":[{"name":"wp","href":"https:\/\/api.w.org\/{rel}","templated":true}]}}