{"id":24138,"date":"2019-04-05T11:48:17","date_gmt":"2019-04-05T11:48:17","guid":{"rendered":"https:\/\/web.palmaactiva.com\/?p=24138"},"modified":"2019-04-05T11:52:04","modified_gmt":"2019-04-05T11:52:04","slug":"palmaactiva-sapropa-al-barri-darxiduc-per-promocionar-els-seus-serveis","status":"publish","type":"post","link":"https:\/\/web.palmaactiva.com\/es\/palmaactiva-sapropa-al-barri-darxiduc-per-promocionar-els-seus-serveis\/","title":{"rendered":"PalmaActiva se acerca al barrio de Archiduque para promocionar sus servicios"},"content":{"rendered":"<h3>PalmaActiva se acerca de nuevo a los barrios de Palma para que los ciudadanos conozcan mejor la Agencia de Desarrollo Local.<\/h3>\n<figure id=\"attachment_24140\" aria-describedby=\"caption-attachment-24140\" style=\"width: 1200px\" class=\"wp-caption alignnone\"><img decoding=\"async\" loading=\"lazy\" src=\"https:\/\/web.palmaactiva.com\/wp-content\/uploads\/2019\/04\/2019.04.05-Pa-al-teu-barri-Arxiduc-20.jpg\" alt=\"PalmaActiva se acerca al barrio de Archiduque para promocionar sus servicios\" width=\"1200\" height=\"800\" class=\"size-full wp-image-24140\" srcset=\"https:\/\/web.palmaactiva.com\/wp-content\/uploads\/2019\/04\/2019.04.05-Pa-al-teu-barri-Arxiduc-20.jpg 1200w, https:\/\/web.palmaactiva.com\/wp-content\/uploads\/2019\/04\/2019.04.05-Pa-al-teu-barri-Arxiduc-20-300x200.jpg 300w, https:\/\/web.palmaactiva.com\/wp-content\/uploads\/2019\/04\/2019.04.05-Pa-al-teu-barri-Arxiduc-20-768x512.jpg 768w, https:\/\/web.palmaactiva.com\/wp-content\/uploads\/2019\/04\/2019.04.05-Pa-al-teu-barri-Arxiduc-20-1024x683.jpg 1024w, https:\/\/web.palmaactiva.com\/wp-content\/uploads\/2019\/04\/2019.04.05-Pa-al-teu-barri-Arxiduc-20-400x268.jpg 400w\" sizes=\"(max-width: 1200px) 100vw, 1200px\" \/><figcaption id=\"caption-attachment-24140\" class=\"wp-caption-text\">PalmaActiva se acerca al barrio de Archiduque para promocionar sus servicios<\/figcaption><\/figure>Con el objetivo de dar a conocer mejor sus servicios, PalmaActiva se acerca de nuevo a los barrios de Palma para que los ciudadanos conozcan mejor la Agencia de Desarrollo Local y se puedan apuntar a las sus iniciativas. Esta ma\u00f1ana, personal t\u00e9cnico de PalmaActiva ha acercado hoy en el barrio de Archiduque y ha dado informaci\u00f3n a los ciudadanos a una carpa informativa instalada en la plaza de Alexander Fleming.<\/p>\n<p>La concejala de Turismo, Comercio y Trabajo, <strong>Joana Maria Adrover<\/strong>, afirma: <em>\u00abDesde el equipo de gobierno pensamos que los servicios que ofrece PalmaActiva pueden ser muy \u00fatiles a muchos ciudadanos, por eso queremos dar a conocer nuestros servicios al mayor n\u00famero de gente posible\u00bb<\/em>.<\/p>\n<p><em>\u00abEl pasados \u200b\u200bmeses ya nos traslad\u00f3 al barrio del Fort\u00edn y en Son Cladera, ahora hemos venido hasta Archiduque; y dada la buena acogida la iniciativa los pr\u00f3ximos meses acercaremos nuestros servicios a m\u00e1s barrios de Palma\u00bb<\/em>, ha asegurado el edil de Turismo, Comercio y Trabajo.<\/p>\n<p>En anteriores ocasiones, personal t\u00e9cnico de PalmaActiva se hab\u00eda acercado a Pere Garau, Son Gotleu y Camp Red\u00f3 para dar a conocer sus servicios, <em>\u00abpero estas acciones estaban en espacios cerrados y con esta nueva iniciativa nos abrimos m\u00e1s a la ciudadan\u00eda\u00bb<\/em>, explica Adrover.<br \/>","protected":false},"excerpt":{"rendered":"<p>PalmaActiva se acerca de nuevo a los barrios de Palma para que los ciudadanos conozcan mejor la Agencia de Desarrollo Local.<\/p>\n","protected":false},"author":1,"featured_media":24140,"comment_status":"open","ping_status":"open","sticky":false,"template":"","format":"standard","meta":{"footnotes":""},"categories":[29,12,13,14,11],"tags":[],"_links":{"self":[{"href":"https:\/\/web.palmaactiva.com\/es\/wp-json\/wp\/v2\/posts\/24138"}],"collection":[{"href":"https:\/\/web.palmaactiva.com\/es\/wp-json\/wp\/v2\/posts"}],"about":[{"href":"https:\/\/web.palmaactiva.com\/es\/wp-json\/wp\/v2\/types\/post"}],"author":[{"embeddable":true,"href":"https:\/\/web.palmaactiva.com\/es\/wp-json\/wp\/v2\/users\/1"}],"replies":[{"embeddable":true,"href":"https:\/\/web.palmaactiva.com\/es\/wp-json\/wp\/v2\/comments?post=24138"}],"version-history":[{"count":3,"href":"https:\/\/web.palmaactiva.com\/es\/wp-json\/wp\/v2\/posts\/24138\/revisions"}],"predecessor-version":[{"id":24143,"href":"https:\/\/web.palmaactiva.com\/es\/wp-json\/wp\/v2\/posts\/24138\/revisions\/24143"}],"wp:featuredmedia":[{"embeddable":true,"href":"https:\/\/web.palmaactiva.com\/es\/wp-json\/wp\/v2\/media\/24140"}],"wp:attachment":[{"href":"https:\/\/web.palmaactiva.com\/es\/wp-json\/wp\/v2\/media?parent=24138"}],"wp:term":[{"taxonomy":"category","embeddable":true,"href":"https:\/\/web.palmaactiva.com\/es\/wp-json\/wp\/v2\/categories?post=24138"},{"taxonomy":"post_tag","embeddable":true,"href":"https:\/\/web.palmaactiva.com\/es\/wp-json\/wp\/v2\/tags?post=24138"}],"curies":[{"name":"wp","href":"https:\/\/api.w.org\/{rel}","templated":true}]}}