{"id":2285,"date":"2017-03-08T13:48:56","date_gmt":"2017-03-08T13:48:56","guid":{"rendered":"http:\/\/web.palmaactiva.com\/?p=2285"},"modified":"2017-03-08T13:48:56","modified_gmt":"2017-03-08T13:48:56","slug":"1-945-visitantes-durante-la-segunda-jornada-matinal-de-la-feria-del-empleo-de-palmaactiva","status":"publish","type":"post","link":"https:\/\/web.palmaactiva.com\/es\/1-945-visitantes-durante-la-segunda-jornada-matinal-de-la-feria-del-empleo-de-palmaactiva\/","title":{"rendered":"1.945 visitantes durante la segunda jornada matinal de la Feria del Empleo de PalmaActiva"},"content":{"rendered":"<h4>\n<ul>\n<li>Entre las 10 y las 13.30h de hoy se han entregado m\u00e1s de 3.900 curr\u00edculos.<\/li>\n<li>La feria contin\u00faa esta tarde de 15 a 18.30h en el Palma Arena con 19 empresas m\u00e1s.<\/li>\n<\/ul>\n<\/h4>\n<figure id=\"attachment_2286\" aria-describedby=\"caption-attachment-2286\" style=\"width: 1600px\" class=\"wp-caption alignnone\"><img decoding=\"async\" loading=\"lazy\" src=\"https:\/\/web.palmaactiva.com\/wp-content\/uploads\/2017\/03\/Foto-Jornada-2-Fira-Ocupaci\u00f3-8.3.17.jpg\" alt=\"1.945 visitantes durante la segunda jornada matinal de la Feria del Empleo de PalmaActiva\" width=\"1600\" height=\"1200\" class=\"size-full wp-image-2286\" srcset=\"https:\/\/web.palmaactiva.com\/wp-content\/uploads\/2017\/03\/Foto-Jornada-2-Fira-Ocupaci\u00f3-8.3.17.jpg 1600w, https:\/\/web.palmaactiva.com\/wp-content\/uploads\/2017\/03\/Foto-Jornada-2-Fira-Ocupaci\u00f3-8.3.17-300x225.jpg 300w, https:\/\/web.palmaactiva.com\/wp-content\/uploads\/2017\/03\/Foto-Jornada-2-Fira-Ocupaci\u00f3-8.3.17-768x576.jpg 768w, https:\/\/web.palmaactiva.com\/wp-content\/uploads\/2017\/03\/Foto-Jornada-2-Fira-Ocupaci\u00f3-8.3.17-1024x768.jpg 1024w\" sizes=\"(max-width: 1600px) 100vw, 1600px\" \/><figcaption id=\"caption-attachment-2286\" class=\"wp-caption-text\">1.945 visitantes durante la segunda jornada matinal de la Feria del Empleo de PalmaActiva<\/figcaption><\/figure>1.945 asistentes y 3.975 curr\u00edculos entregados. Este es el balance de la segunda jornada matinal de la Feria del Empleo de PalmaActiva, que tiene lugar hasta esta tarde en el vel\u00f3dromo del Palma Arena. Esta cifra se sumar\u00e1 a los m\u00e1s de 3.000 asistentes y los 8.500 CV entregados ayer. Las 54 empresas que participan los dos d\u00edas de feria ofrecen 500 puestos de trabajo para cubrir estos pr\u00f3ximos meses.<\/p>\n<p><strong>Susana Rinc\u00f3n<\/strong>, directora general de Trabajo del Ayuntamiento de Palma, ha se\u00f1alado que los dos d\u00edas la feria se ha desarrollado con total normalidad y sin ninguna incidencia. <em>\u00abEstamos satisfechos de la buena acogida de la Feria del Empleo por parte de los ciudadanos y de las empresas; es un evento consolidado y lo m\u00e1s importante, muy \u00fatil\u00bb<\/em>. La gerente de PalmaActiva ha destacado que el recinto interior del vel\u00f3dromo del Palma Arena ha sido acertado para celebrar el acontecimiento: <em>\u00abEste a\u00f1o los stands han permitido el poder hacer entrevistas in situ, lo que supone una mejora muy importante\u00bb<\/em>.<\/p>\n<p>Durante esta jornada matinal, se han desarrollado por primera vez en la feria selecciones grupales a cargo de la empresa SOM Hoteles, que han tenido muy buena acogida.<\/p>\n<p>Las empresas que participan en la feria esta ma\u00f1ana son Prosegur, Puro Group, Hiper Rent a Car, Logitravel, Lidl, Sampol, Bricomart, Meli\u00e0 Hoteles, Unipost, Eroski, L\u00fadico Servicios Integrados, SOIB, BCN Languages, Eigop, Habitissimo, Som Hotels, Leroy Merl\u00edn e Ikea.<\/p>\n<p>Las empresas que participan esta tarde de 15 a 18.30h son Prosegur, Puro Group, Hiper Rent a Car, Logitravel, Media Markt Hacen Mallorca, Allsun Hoteles, Bricomart, Meli\u00e0 Hoteles, Unipost, Eroski, Norauto, Fundaci\u00f3n para la Formaci\u00f3n y la investigaci\u00f3n, MD Medicus Medical Service Balear, Sa Torre Hilton, Hotetec, Rojo Obras y On the Rocks Events.","protected":false},"excerpt":{"rendered":"<p>Entre las 10 y las 13.30h de hoy se han entregado m\u00e1s de 3.900 curr\u00edculos. La feria contin\u00faa esta tarde de 15 a 18.30h en el Palma Arena con 19 empresas m\u00e1s. 1.945 asistentes y 3.975 curr\u00edculos entregados. Este es el balance de la segunda jornada matinal de la Feria del Empleo de PalmaActiva, que [&hellip;]<\/p>\n","protected":false},"author":1,"featured_media":2286,"comment_status":"open","ping_status":"open","sticky":false,"template":"","format":"standard","meta":{"footnotes":""},"categories":[12,11],"tags":[],"_links":{"self":[{"href":"https:\/\/web.palmaactiva.com\/es\/wp-json\/wp\/v2\/posts\/2285"}],"collection":[{"href":"https:\/\/web.palmaactiva.com\/es\/wp-json\/wp\/v2\/posts"}],"about":[{"href":"https:\/\/web.palmaactiva.com\/es\/wp-json\/wp\/v2\/types\/post"}],"author":[{"embeddable":true,"href":"https:\/\/web.palmaactiva.com\/es\/wp-json\/wp\/v2\/users\/1"}],"replies":[{"embeddable":true,"href":"https:\/\/web.palmaactiva.com\/es\/wp-json\/wp\/v2\/comments?post=2285"}],"version-history":[{"count":1,"href":"https:\/\/web.palmaactiva.com\/es\/wp-json\/wp\/v2\/posts\/2285\/revisions"}],"predecessor-version":[{"id":2287,"href":"https:\/\/web.palmaactiva.com\/es\/wp-json\/wp\/v2\/posts\/2285\/revisions\/2287"}],"wp:featuredmedia":[{"embeddable":true,"href":"https:\/\/web.palmaactiva.com\/es\/wp-json\/wp\/v2\/media\/2286"}],"wp:attachment":[{"href":"https:\/\/web.palmaactiva.com\/es\/wp-json\/wp\/v2\/media?parent=2285"}],"wp:term":[{"taxonomy":"category","embeddable":true,"href":"https:\/\/web.palmaactiva.com\/es\/wp-json\/wp\/v2\/categories?post=2285"},{"taxonomy":"post_tag","embeddable":true,"href":"https:\/\/web.palmaactiva.com\/es\/wp-json\/wp\/v2\/tags?post=2285"}],"curies":[{"name":"wp","href":"https:\/\/api.w.org\/{rel}","templated":true}]}}