{"id":2106,"date":"2017-02-08T14:18:33","date_gmt":"2017-02-08T14:18:33","guid":{"rendered":"http:\/\/web.palmaactiva.com\/?p=2106"},"modified":"2017-02-08T14:18:34","modified_gmt":"2017-02-08T14:18:34","slug":"palmaactiva-acoge-una-reunion-para-la-organizacion-de-la-xxv-feria-de-son-ferriol","status":"publish","type":"post","link":"https:\/\/web.palmaactiva.com\/es\/palmaactiva-acoge-una-reunion-para-la-organizacion-de-la-xxv-feria-de-son-ferriol\/","title":{"rendered":"PalmaActiva acoge una reuni\u00f3n para la organizaci\u00f3n de la XXV Feria de Son Ferriol"},"content":{"rendered":"<h4>La gran feria de Palma tendr\u00e1 lugar el 26 de marzo.<\/h4>\n<figure id=\"attachment_2107\" aria-describedby=\"caption-attachment-2107\" style=\"width: 4032px\" class=\"wp-caption aligncenter\"><img decoding=\"async\" loading=\"lazy\" src=\"https:\/\/web.palmaactiva.com\/wp-content\/uploads\/2017\/02\/IMG_6474.jpg\" alt=\"PalmaActiva acoge una reuni\u00f3n para la organizaci\u00f3n de la XXV Feria de Son Ferriol\" width=\"4032\" height=\"3024\" class=\"size-full wp-image-2107\" srcset=\"https:\/\/web.palmaactiva.com\/wp-content\/uploads\/2017\/02\/IMG_6474.jpg 4032w, https:\/\/web.palmaactiva.com\/wp-content\/uploads\/2017\/02\/IMG_6474-300x225.jpg 300w, https:\/\/web.palmaactiva.com\/wp-content\/uploads\/2017\/02\/IMG_6474-768x576.jpg 768w, https:\/\/web.palmaactiva.com\/wp-content\/uploads\/2017\/02\/IMG_6474-1024x768.jpg 1024w\" sizes=\"(max-width: 4032px) 100vw, 4032px\" \/><figcaption id=\"caption-attachment-2107\" class=\"wp-caption-text\">PalmaActiva acoge una reuni\u00f3n para la organizaci\u00f3n de la XXV Feria de Son Ferriol<\/figcaption><\/figure>Esta ma\u00f1ana ha tenido lugar en las instalaciones de PalmaActiva una reuni\u00f3n para preparar la XXV edici\u00f3n de la Feria de Son Ferriol, que se celebrar\u00e1 el \u00faltimo fin de semana de marzo.<\/p>\n<p>La reuni\u00f3n, convocada por la direcci\u00f3n general de Comercio del Ayuntamiento de Palma, ha contado con la asistencia de representantes de diferentes \u00e1reas y servicios municipales, como Licencia de Actividades, EMAYA, EMT, Polic\u00eda Local, Sanidad y Consumo, Infraestructuras y Comercio, adem\u00e1s de la asistencia de la directora general de Comercio, Pepa Pel\u00e1ez, y la concejala de Distrito, Helena Paquier.<\/p>\n<p>Este encuentro ha servido para exponer el proyecto de este a\u00f1o de la feria y para prever las necesidades y los requisitos que se deben cumplir con el objetivo de lograr una adecuada organizaci\u00f3n de este evento.<\/p>\n<p>Desde la Asociaci\u00f3n de Industria y Comercio de Son Ferriol ha indicado que prev\u00e9n que las inscripciones finalizar\u00e1n el pr\u00f3ximo 17 de febrero. Las personas interesadas en participar pueden hacerlo por medio de la p\u00e1gina web de la asociaci\u00f3n www.sonferriol.es o personalmente acudiendo al Casal de Barrio de Son Ferriol, de lunes a viernes, en horario de 16.30 a 20h.<\/p>\n<p>La directora general de Comercio Pepa Pel\u00e1ez ha manifestado el apoyo municipal a este evento tradicional, uno de los m\u00e1s importantes del calendario de ferias de Mallorca, y ha ofrecido la mayor colaboraci\u00f3n posible para que sea un \u00e9xito y una oportunidad para la promoci\u00f3n del tejido comercial y empresarial de Son Ferriol.<br \/>","protected":false},"excerpt":{"rendered":"<p>La gran feria de Palma tendr\u00e1 lugar el 26 de marzo. Esta ma\u00f1ana ha tenido lugar en las instalaciones de PalmaActiva una reuni\u00f3n para preparar la XXV edici\u00f3n de la Feria de Son Ferriol, que se celebrar\u00e1 el \u00faltimo fin de semana de marzo. La reuni\u00f3n, convocada por la direcci\u00f3n general de Comercio del Ayuntamiento [&hellip;]<\/p>\n","protected":false},"author":1,"featured_media":2107,"comment_status":"open","ping_status":"open","sticky":false,"template":"","format":"standard","meta":{"footnotes":""},"categories":[29,13,11],"tags":[],"_links":{"self":[{"href":"https:\/\/web.palmaactiva.com\/es\/wp-json\/wp\/v2\/posts\/2106"}],"collection":[{"href":"https:\/\/web.palmaactiva.com\/es\/wp-json\/wp\/v2\/posts"}],"about":[{"href":"https:\/\/web.palmaactiva.com\/es\/wp-json\/wp\/v2\/types\/post"}],"author":[{"embeddable":true,"href":"https:\/\/web.palmaactiva.com\/es\/wp-json\/wp\/v2\/users\/1"}],"replies":[{"embeddable":true,"href":"https:\/\/web.palmaactiva.com\/es\/wp-json\/wp\/v2\/comments?post=2106"}],"version-history":[{"count":1,"href":"https:\/\/web.palmaactiva.com\/es\/wp-json\/wp\/v2\/posts\/2106\/revisions"}],"predecessor-version":[{"id":2108,"href":"https:\/\/web.palmaactiva.com\/es\/wp-json\/wp\/v2\/posts\/2106\/revisions\/2108"}],"wp:featuredmedia":[{"embeddable":true,"href":"https:\/\/web.palmaactiva.com\/es\/wp-json\/wp\/v2\/media\/2107"}],"wp:attachment":[{"href":"https:\/\/web.palmaactiva.com\/es\/wp-json\/wp\/v2\/media?parent=2106"}],"wp:term":[{"taxonomy":"category","embeddable":true,"href":"https:\/\/web.palmaactiva.com\/es\/wp-json\/wp\/v2\/categories?post=2106"},{"taxonomy":"post_tag","embeddable":true,"href":"https:\/\/web.palmaactiva.com\/es\/wp-json\/wp\/v2\/tags?post=2106"}],"curies":[{"name":"wp","href":"https:\/\/api.w.org\/{rel}","templated":true}]}}