{"id":2082,"date":"2017-02-06T20:30:53","date_gmt":"2017-02-06T20:30:53","guid":{"rendered":"http:\/\/web.palmaactiva.com\/?p=2082"},"modified":"2017-02-07T12:33:08","modified_gmt":"2017-02-07T12:33:08","slug":"palmaactiva-cede-a-proyecto-hombre-baleares-material-para-poner-en-marcha-un-taller-de-ceramica","status":"publish","type":"post","link":"https:\/\/web.palmaactiva.com\/es\/palmaactiva-cede-a-proyecto-hombre-baleares-material-para-poner-en-marcha-un-taller-de-ceramica\/","title":{"rendered":"PalmaActiva cede a Proyecto Hombre Baleares material para poner en marcha un taller de cer\u00e1mica"},"content":{"rendered":"<figure id=\"attachment_2083\" aria-describedby=\"caption-attachment-2083\" style=\"width: 1600px\" class=\"wp-caption aligncenter\"><img decoding=\"async\" loading=\"lazy\" src=\"https:\/\/web.palmaactiva.com\/wp-content\/uploads\/2017\/02\/SIGNATURA-PALMA-ACTIVA.jpg\" alt=\"PalmaActiva cede a Proyecto Hombre Baleares material para poner en marcha un taller de cer\u00e1mica\" width=\"1600\" height=\"898\" class=\"size-full wp-image-2083\" \/><figcaption id=\"caption-attachment-2083\" class=\"wp-caption-text\">De izquierda a derecha: Susana Rinc\u00f3n, Jes\u00fas Mullor, Joana M. Adrover y Francisco Ducr\u00f3s<\/figcaption><\/figure>PalmaActiva ceder\u00e1 a la Fundaci\u00f3n Proyecto Hombre Baleares bienes para realizar un taller de cer\u00e1mica. <strong>Joana Maria Adrover<\/strong>, concejala de Turismo, Comercio y Trabajo, y <strong>Jes\u00fas Mullor<\/strong>, director general de Proyecto Hombre Baleares, firmaron hoy el acuerdo de cesi\u00f3n de estos bienes.<\/p>\n<p>El material que cede PalmaAcitva a Proyecto Hombre Baleares -hasta finales de 2017- consiste en una m\u00e1quina de amasar barro, 5 turnos el\u00e9ctricos, una laminadora de barro, una cabina de lacar y pintar, 17 tornos manuales y 6 mesas de trabajo. Con este material, Proyecto Hombre Baleares pondr\u00e1 en marcha pr\u00f3ximamente un taller de cer\u00e1mica que se enmarca en su proyecto de educaci\u00f3n del tiempo libre.<\/p>\n<p>Seg\u00fan Joana Maria Adrover, presidenta de PalmaActiva, <em>\u00abestamos muy satisfechos de ceder este material a Proyecto Hombre Baleares\u00bb<\/em>. La Agencia de Desarrollo Local posee este material porque hace a\u00f1os gestionaba la Escuela de Oficios Artesanos.<br \/>","protected":false},"excerpt":{"rendered":"<p>PalmaActiva ceder\u00e1 a la Fundaci\u00f3n Proyecto Hombre Baleares bienes para realizar un taller de cer\u00e1mica. Joana Maria Adrover, concejala de Turismo, Comercio y Trabajo, y Jes\u00fas Mullor, director general de Proyecto Hombre Baleares, firmaron hoy el acuerdo de cesi\u00f3n de estos bienes. El material que cede PalmaAcitva a Proyecto Hombre Baleares -hasta finales de 2017- [&hellip;]<\/p>\n","protected":false},"author":1,"featured_media":0,"comment_status":"open","ping_status":"open","sticky":false,"template":"","format":"standard","meta":{"footnotes":""},"categories":[11],"tags":[],"_links":{"self":[{"href":"https:\/\/web.palmaactiva.com\/es\/wp-json\/wp\/v2\/posts\/2082"}],"collection":[{"href":"https:\/\/web.palmaactiva.com\/es\/wp-json\/wp\/v2\/posts"}],"about":[{"href":"https:\/\/web.palmaactiva.com\/es\/wp-json\/wp\/v2\/types\/post"}],"author":[{"embeddable":true,"href":"https:\/\/web.palmaactiva.com\/es\/wp-json\/wp\/v2\/users\/1"}],"replies":[{"embeddable":true,"href":"https:\/\/web.palmaactiva.com\/es\/wp-json\/wp\/v2\/comments?post=2082"}],"version-history":[{"count":1,"href":"https:\/\/web.palmaactiva.com\/es\/wp-json\/wp\/v2\/posts\/2082\/revisions"}],"predecessor-version":[{"id":2085,"href":"https:\/\/web.palmaactiva.com\/es\/wp-json\/wp\/v2\/posts\/2082\/revisions\/2085"}],"wp:attachment":[{"href":"https:\/\/web.palmaactiva.com\/es\/wp-json\/wp\/v2\/media?parent=2082"}],"wp:term":[{"taxonomy":"category","embeddable":true,"href":"https:\/\/web.palmaactiva.com\/es\/wp-json\/wp\/v2\/categories?post=2082"},{"taxonomy":"post_tag","embeddable":true,"href":"https:\/\/web.palmaactiva.com\/es\/wp-json\/wp\/v2\/tags?post=2082"}],"curies":[{"name":"wp","href":"https:\/\/api.w.org\/{rel}","templated":true}]}}