{"id":19010,"date":"2018-12-19T15:55:34","date_gmt":"2018-12-19T15:55:34","guid":{"rendered":"https:\/\/web.palmaactiva.com\/?p=19010"},"modified":"2018-12-20T07:05:50","modified_gmt":"2018-12-20T07:05:50","slug":"reunio-a-palmaactiva-del-consell-municipal-de-comerc","status":"publish","type":"post","link":"https:\/\/web.palmaactiva.com\/es\/reunio-a-palmaactiva-del-consell-municipal-de-comerc\/","title":{"rendered":"Reuni\u00f3n en PalmaActiva del Consejo Municipal de Comercio"},"content":{"rendered":"<h3>Se han repasado asuntos municipales que afectan al colectivo de comerciantes de Palma.<\/h3>\n<figure id=\"attachment_19011\" aria-describedby=\"caption-attachment-19011\" style=\"width: 2457px\" class=\"wp-caption alignnone\"><img decoding=\"async\" loading=\"lazy\" src=\"https:\/\/web.palmaactiva.com\/wp-content\/uploads\/2018\/12\/Consell_Mpal_Comer\u00e7_19122018.jpg\" alt=\"Reuni\u00f3n en PalmaActiva del Consejo Municipal de Comercio\" width=\"2457\" height=\"1527\" class=\"size-full wp-image-19011\" \/><figcaption id=\"caption-attachment-19011\" class=\"wp-caption-text\">Reuni\u00f3n en PalmaActiva del Consejo Municipal de Comercio<\/figcaption><\/figure><strong>Joana Maria Adrover<\/strong>, concejala de Turismo, Comercio y Trabajo, ha presidido hoy una nueva reuni\u00f3n del Consejo Municipal de Comercio, que se reuni\u00f3 por cuarta vez este a\u00f1o.<\/p>\n<p>El Consejo Municipal de Comercio es un foro de participaci\u00f3n y consulta sobre aspectos estrat\u00e9gicos que afectan el comercio de Palma en el que participan diferentes entidades del sector, as\u00ed como patronales y sindicatos y otras entidades invitadas seg\u00fan el tema a tratar. Este espacio de debate sobre el comercio se ha recuperado esta legislatura a petici\u00f3n de las patronales del comercio, que reclamaban un punto de encuentro entre el Ayuntamiento y el sector.<\/p>\n<p>Adem\u00e1s de la concejala de Comercio, en la sesi\u00f3n de hoy asistieron <strong>Sergio G\u00f3mez<\/strong>, director general de Comercio; <strong>Josep Maria Rigo<\/strong>, coordinador general de Ecolog\u00eda, Agricultura y Bienestar Animal; <strong>Joana M. Adill\u00f3n<\/strong>, directora general de Funci\u00f3n P\u00fablica y Gobierno Interior; <strong>Griselda Ses\u00e9<\/strong>, directora general de Ferias, Mercados y Ciudadan\u00eda; <strong>Patricia Conrado<\/strong>, en representaci\u00f3n del grupo municipal Ciudadanos; <strong>Bladimiro Garc\u00eda<\/strong>, en representaci\u00f3n de UGT; y <strong>Carmen M. Carmona<\/strong>, en representaci\u00f3n de CCOO.<\/p>\n<p>Durante la reuni\u00f3n, Adrover ha anunciado que ya se ha licitado y adjudicado el contrato para elaborar un libro sobre los establecimientos emblem\u00e1ticos de Palma. El punto de partida del libro son las fichas que elabor\u00f3 \u200b\u200bla comisi\u00f3n t\u00e9cnica y que fueron aprobadas por el pleno del Ayuntamiento. Seg\u00fan Adrover, el libro servir\u00e1 como elemento de promoci\u00f3n y difusi\u00f3n del comercio de la ciudad.<\/p>\n<p>Durante el consejo de hoy, Adrover ha explicado que se ha agotado todo el presupuesto de las subvenciones para el peque\u00f1o comercio: <em>\u00abM\u00e1s de 50 establecimientos se han beneficiados de estas ayudas a lo largo del a\u00f1o; ya hemos previsto una nueva convocatoria para el a\u00f1o 2019 con un presupuesto total de 100.000 \u20ac \u00ab<\/em>, dijo Adrover.<\/p>\n<p>El edil ha recordado que este a\u00f1o por primera vez se han ofrecido subvenciones a los establecimientos emblem\u00e1ticos y que se ha gastado <em>\u00abcasi la totalidad del presupuesto\u00bb<\/em>.<\/p>\n<p>Durante el encuentro se han recordado las diversas iniciativas de dinamizaci\u00f3n comercial desarrolladas durante este trimestre con asociaciones de vecinos y patronales del comercio. Por ejemplo la campa\u00f1a de aparcamiento con la SMAP, que la empresa municipal recuper\u00f3 el a\u00f1o 2015. Mediante esta campa\u00f1a, SMAP colabora con el peque\u00f1o comercio durante la Navidad. La SMAP ha entregado a Afedeco y Pimeco 4.200 tickets -2100 por patronal, con un 50% de descuento- que permiten estacionar en los siete aparcamientos municipales que disponen de rotaci\u00f3n. Con esta campa\u00f1a el Ayuntamiento busca combinar el peque\u00f1o comercio con la movilidad, que la clientela de los comercios puedan tener una opci\u00f3n c\u00f3moda de aparcamiento y que los comercios puedan ofrecer una cortes\u00eda a esta clientela y una conexi\u00f3n con los aparcamientos municipales.<\/p>\n<p>Adrover tambi\u00e9n destac\u00f3 que por segundo a\u00f1o consecutivo PalmaActiva pone en marcha el proyecto \u00abComer\u00e7 i Escola\u00bb, dada la buena acogida que tuvo entre los centros escolares y que se desarrolla gracias al proyecto SOIB J\u00f3venes Cualificados.<br \/>","protected":false},"excerpt":{"rendered":"<p>Se han repasado asuntos municipales que afectan al colectivo de comerciantes de Palma. Joana Maria Adrover, concejala de Turismo, Comercio y Trabajo, ha presidido hoy una nueva reuni\u00f3n del Consejo Municipal de Comercio, que se reuni\u00f3 por cuarta vez este a\u00f1o. El Consejo Municipal de Comercio es un foro de participaci\u00f3n y consulta sobre aspectos [&hellip;]<\/p>\n","protected":false},"author":1,"featured_media":0,"comment_status":"open","ping_status":"open","sticky":false,"template":"","format":"standard","meta":{"footnotes":""},"categories":[29,11],"tags":[],"_links":{"self":[{"href":"https:\/\/web.palmaactiva.com\/es\/wp-json\/wp\/v2\/posts\/19010"}],"collection":[{"href":"https:\/\/web.palmaactiva.com\/es\/wp-json\/wp\/v2\/posts"}],"about":[{"href":"https:\/\/web.palmaactiva.com\/es\/wp-json\/wp\/v2\/types\/post"}],"author":[{"embeddable":true,"href":"https:\/\/web.palmaactiva.com\/es\/wp-json\/wp\/v2\/users\/1"}],"replies":[{"embeddable":true,"href":"https:\/\/web.palmaactiva.com\/es\/wp-json\/wp\/v2\/comments?post=19010"}],"version-history":[{"count":3,"href":"https:\/\/web.palmaactiva.com\/es\/wp-json\/wp\/v2\/posts\/19010\/revisions"}],"predecessor-version":[{"id":19062,"href":"https:\/\/web.palmaactiva.com\/es\/wp-json\/wp\/v2\/posts\/19010\/revisions\/19062"}],"wp:attachment":[{"href":"https:\/\/web.palmaactiva.com\/es\/wp-json\/wp\/v2\/media?parent=19010"}],"wp:term":[{"taxonomy":"category","embeddable":true,"href":"https:\/\/web.palmaactiva.com\/es\/wp-json\/wp\/v2\/categories?post=19010"},{"taxonomy":"post_tag","embeddable":true,"href":"https:\/\/web.palmaactiva.com\/es\/wp-json\/wp\/v2\/tags?post=19010"}],"curies":[{"name":"wp","href":"https:\/\/api.w.org\/{rel}","templated":true}]}}