{"id":1842,"date":"2017-01-10T17:38:37","date_gmt":"2017-01-10T17:38:37","guid":{"rendered":"http:\/\/web.palmaactiva.com\/?p=1842"},"modified":"2017-01-11T07:52:35","modified_gmt":"2017-01-11T07:52:35","slug":"la-comision-tecnica-de-establecimientos-emblematicos-del-ayuntamiento-de-palma-ya-trabaja-para-elaborar-el-catalogo","status":"publish","type":"post","link":"https:\/\/web.palmaactiva.com\/es\/la-comision-tecnica-de-establecimientos-emblematicos-del-ayuntamiento-de-palma-ya-trabaja-para-elaborar-el-catalogo\/","title":{"rendered":"La Comisi\u00f3n T\u00e9cnica de Establecimientos Emblem\u00e1ticos del Ayuntamiento de Palma ya trabaja para elaborar el cat\u00e1logo"},"content":{"rendered":"<figure id=\"attachment_1843\" aria-describedby=\"caption-attachment-1843\" style=\"width: 2304px\" class=\"wp-caption aligncenter\"><img decoding=\"async\" loading=\"lazy\" src=\"https:\/\/web.palmaactiva.com\/wp-content\/uploads\/2017\/01\/2017.01.10-CT-Establiments-emblematics.jpg\" alt=\"La Comisi\u00f3n T\u00e9cnica de Establecimientos Emblem\u00e1ticos del Ayuntamiento de Palma ya trabaja para elaborar el cat\u00e1logo\" width=\"2304\" height=\"1536\" class=\"size-full wp-image-1843\" \/><figcaption id=\"caption-attachment-1843\" class=\"wp-caption-text\">La Comisi\u00f3n T\u00e9cnica de Establecimientos Emblem\u00e1ticos del Ayuntamiento de Palma ya trabaja para elaborar el cat\u00e1logo<\/figcaption><\/figure>Tras la sesi\u00f3n constitutiva del pasado 22 de diciembre de 2016, hoy ha tenido lugar la segunda reuni\u00f3n de la Comisi\u00f3n T\u00e9cnica del Cat\u00e1logo de Establecimientos Emblem\u00e1ticos del Ayuntamiento de Palma, en la que las diferentes \u00e1reas del Ayuntamiento y de las entidades integrantes han hecho aportaciones t\u00e9cnicas sobre los datos que deben incluir las fichas del futuro cat\u00e1logo. Durante la reuni\u00f3n, la concejal\u00eda de Comercio ha presentado el borrador de tres fichas y ha propuesto tres m\u00e1s, que est\u00e1n pendientes de la valoraci\u00f3n por parte de la comisi\u00f3n.<\/p>\n<p>Esta comisi\u00f3n t\u00e9cnica est\u00e1 formada por diversas \u00e1reas del Ayuntamiento de Palma (Urbanismo, Modelo de Ciudad y Vivienda Digna; Cultura y Turismo, Comercio y Trabajo), adem\u00e1s de ARCA, el Colegio Oficial de Arquitectos, el Colegio Oficial de Ingenieros Industriales y la UIB.<\/p>\n<p>Este cat\u00e1logo plantear\u00e1 la protecci\u00f3n de establecimientos emblem\u00e1ticos teniendo en cuenta:<\/p>\n<ul>\n<li>El valor hist\u00f3rico de las actividades comerciales, artesanales y de servicios, relevo generacional.<\/li>\n<li>El valor cultural \/ singular \/ tradicional.<\/li>\n<li>El valor tur\u00edstico.<\/li>\n<li>El valor patrimonial del bien mueble e inmueble.<\/li>\n<li>El valor social en el entorno donde se ubican, comercio de proximidad.<\/li>\n<\/ul>\n<p>Los establecimientos que formar\u00e1n parte de este cat\u00e1logo deber\u00e1n cumplir requisitos como la antig\u00fcedad, mantener una actividad singular o ser establecimientos que contienen elementos patrimoniales protegidos incluidos en el cat\u00e1logo del PGOU de Palma o declarados Bien de Inter\u00e9s Cultural o Bien Catalogado (BC) por la administraci\u00f3n competente en materia de patrimonio hist\u00f3rico.<br \/>\n\u00a0<br \/>\nLa comisi\u00f3n, partiendo de la definici\u00f3n y las categor\u00edas concretadas, se encargar\u00e1 de revisar y aprobar las fichas de los establecimientos emblem\u00e1ticos que previamente hayan propuesto los t\u00e9cnicos municipales, y de proponer las medidas de protecci\u00f3n necesarias para las diferentes categor\u00edas, dando cuentas al grupo de trabajo inicial para obtener el m\u00e1ximo consenso de todos los agentes implicados.<br \/>","protected":false},"excerpt":{"rendered":"<p>Tras la sesi\u00f3n constitutiva del pasado 22 de diciembre de 2016, hoy ha tenido lugar la segunda reuni\u00f3n de la Comisi\u00f3n T\u00e9cnica del Cat\u00e1logo de Establecimientos Emblem\u00e1ticos del Ayuntamiento de Palma, en la que las diferentes \u00e1reas del Ayuntamiento y de las entidades integrantes han hecho aportaciones t\u00e9cnicas sobre los datos que deben incluir las [&hellip;]<\/p>\n","protected":false},"author":1,"featured_media":0,"comment_status":"open","ping_status":"open","sticky":false,"template":"","format":"standard","meta":{"footnotes":""},"categories":[29,13,11],"tags":[],"_links":{"self":[{"href":"https:\/\/web.palmaactiva.com\/es\/wp-json\/wp\/v2\/posts\/1842"}],"collection":[{"href":"https:\/\/web.palmaactiva.com\/es\/wp-json\/wp\/v2\/posts"}],"about":[{"href":"https:\/\/web.palmaactiva.com\/es\/wp-json\/wp\/v2\/types\/post"}],"author":[{"embeddable":true,"href":"https:\/\/web.palmaactiva.com\/es\/wp-json\/wp\/v2\/users\/1"}],"replies":[{"embeddable":true,"href":"https:\/\/web.palmaactiva.com\/es\/wp-json\/wp\/v2\/comments?post=1842"}],"version-history":[{"count":1,"href":"https:\/\/web.palmaactiva.com\/es\/wp-json\/wp\/v2\/posts\/1842\/revisions"}],"predecessor-version":[{"id":1844,"href":"https:\/\/web.palmaactiva.com\/es\/wp-json\/wp\/v2\/posts\/1842\/revisions\/1844"}],"wp:attachment":[{"href":"https:\/\/web.palmaactiva.com\/es\/wp-json\/wp\/v2\/media?parent=1842"}],"wp:term":[{"taxonomy":"category","embeddable":true,"href":"https:\/\/web.palmaactiva.com\/es\/wp-json\/wp\/v2\/categories?post=1842"},{"taxonomy":"post_tag","embeddable":true,"href":"https:\/\/web.palmaactiva.com\/es\/wp-json\/wp\/v2\/tags?post=1842"}],"curies":[{"name":"wp","href":"https:\/\/api.w.org\/{rel}","templated":true}]}}