{"id":1795,"date":"2017-01-05T12:06:59","date_gmt":"2017-01-05T12:06:59","guid":{"rendered":"http:\/\/web.palmaactiva.com\/?p=1795"},"modified":"2017-01-05T12:06:59","modified_gmt":"2017-01-05T12:06:59","slug":"251-estudiantes-han-recibido-charlas-de-orientacion-laboral-y-de-emprendimiento-por-parte-de-palmaactiva-durante-2016","status":"publish","type":"post","link":"https:\/\/web.palmaactiva.com\/es\/251-estudiantes-han-recibido-charlas-de-orientacion-laboral-y-de-emprendimiento-por-parte-de-palmaactiva-durante-2016\/","title":{"rendered":"251 estudiantes han recibido charlas de orientaci\u00f3n laboral y de emprendimiento por parte de PalmaActiva durante 2016"},"content":{"rendered":"<figure id=\"attachment_1796\" aria-describedby=\"caption-attachment-1796\" style=\"width: 1023px\" class=\"wp-caption aligncenter\"><img decoding=\"async\" loading=\"lazy\" src=\"https:\/\/web.palmaactiva.com\/wp-content\/uploads\/2017\/01\/tallers-joves-3.jpg\" alt=\"251 estudiantes han recibido charlas de orientaci\u00f3n laboral y de emprendimiento por parte de PalmaActiva durante 2016\" width=\"1023\" height=\"559\" class=\"size-full wp-image-1796\" \/><figcaption id=\"caption-attachment-1796\" class=\"wp-caption-text\">251 estudiantes han recibido charlas de orientaci\u00f3n laboral y de emprendimiento por parte de PalmaActiva durante 2016<\/figcaption><\/figure><strong>251 j\u00f3venes de diferentes centros educativos y diversas ramas profesionales recibieron durante el a\u00f1o 2016 25 charlas de orientaci\u00f3n laboral y emprendimiento por parte de PalmaActiva<\/strong>. Estos talleres quieren acercar el mundo laboral a las personas que actualmente est\u00e1n cursando los \u00faltimos a\u00f1os de sus estudios reglados.<br \/>\nEstas charlas, que se realizan en colaboraci\u00f3n con PalmaEduca, pretenden ayudar a los alumnos en la tarea de inserci\u00f3n laboral y el emprendimiento. Los centros de Palma con ciclos formativos de grado medio y superior pueden optar a recibir estos talleres.<\/p>\n<p>Las charlas que imparte PalmaActiva para j\u00f3venes son:<\/p>\n<ul>\n<li>el curriculum vitae 2.0<\/li>\n<li>entrevistas de selecci\u00f3n fundamentadas en pruebas psicot\u00e9cnicas y cuestionarios de personalidad<\/li>\n<li>entrevistas de selecci\u00f3n de personal<\/li>\n<li>c\u00f3mo hacer un plan de empresa<\/li>\n<li>generaci\u00f3n de modelos de negocio.<\/li>\n<\/ul>\n<p>Algunos de los centro que han recibido estos 25 talleres son el IES Josep Sureda i Blanes, CEPA La Balanguera, el IES Son Rullan, San Jos\u00e9 Obrero, La Milagrosa y La Salle entre otros.<br \/>","protected":false},"excerpt":{"rendered":"<p>251 j\u00f3venes de diferentes centros educativos y diversas ramas profesionales recibieron durante el a\u00f1o 2016 25 charlas de orientaci\u00f3n laboral y emprendimiento por parte de PalmaActiva. Estos talleres quieren acercar el mundo laboral a las personas que actualmente est\u00e1n cursando los \u00faltimos a\u00f1os de sus estudios reglados. Estas charlas, que se realizan en colaboraci\u00f3n con [&hellip;]<\/p>\n","protected":false},"author":1,"featured_media":0,"comment_status":"open","ping_status":"open","sticky":false,"template":"","format":"standard","meta":{"footnotes":""},"categories":[12,14,11],"tags":[],"_links":{"self":[{"href":"https:\/\/web.palmaactiva.com\/es\/wp-json\/wp\/v2\/posts\/1795"}],"collection":[{"href":"https:\/\/web.palmaactiva.com\/es\/wp-json\/wp\/v2\/posts"}],"about":[{"href":"https:\/\/web.palmaactiva.com\/es\/wp-json\/wp\/v2\/types\/post"}],"author":[{"embeddable":true,"href":"https:\/\/web.palmaactiva.com\/es\/wp-json\/wp\/v2\/users\/1"}],"replies":[{"embeddable":true,"href":"https:\/\/web.palmaactiva.com\/es\/wp-json\/wp\/v2\/comments?post=1795"}],"version-history":[{"count":1,"href":"https:\/\/web.palmaactiva.com\/es\/wp-json\/wp\/v2\/posts\/1795\/revisions"}],"predecessor-version":[{"id":1797,"href":"https:\/\/web.palmaactiva.com\/es\/wp-json\/wp\/v2\/posts\/1795\/revisions\/1797"}],"wp:attachment":[{"href":"https:\/\/web.palmaactiva.com\/es\/wp-json\/wp\/v2\/media?parent=1795"}],"wp:term":[{"taxonomy":"category","embeddable":true,"href":"https:\/\/web.palmaactiva.com\/es\/wp-json\/wp\/v2\/categories?post=1795"},{"taxonomy":"post_tag","embeddable":true,"href":"https:\/\/web.palmaactiva.com\/es\/wp-json\/wp\/v2\/tags?post=1795"}],"curies":[{"name":"wp","href":"https:\/\/api.w.org\/{rel}","templated":true}]}}