{"id":16949,"date":"2018-11-15T13:46:00","date_gmt":"2018-11-15T13:46:00","guid":{"rendered":"https:\/\/web.palmaactiva.com\/?p=16949"},"modified":"2018-11-24T18:06:02","modified_gmt":"2018-11-24T18:06:02","slug":"palmaactiva-destinara-20-000-euros-en-subvenciones-para-establecimientos-emblematicos","status":"publish","type":"post","link":"https:\/\/web.palmaactiva.com\/es\/palmaactiva-destinara-20-000-euros-en-subvenciones-para-establecimientos-emblematicos\/","title":{"rendered":"PalmaActiva destinar\u00e1 20.000 euros en subvenciones para establecimientos emblem\u00e1ticos"},"content":{"rendered":"<h3>Estas nuevas ayudas se pueden solicitar hasta el pr\u00f3ximo 25 de noviembre.<\/h3>\n<div class=\"su-youtube su-u-responsive-media-yes\"><iframe width=\"640\" height=\"360\" src=\"https:\/\/www.youtube.com\/embed\/jS5MPpb9Ch8?autohide=2&amp;autoplay=0&amp;mute=0&amp;controls=1&amp;fs=1&amp;loop=0&amp;modestbranding=0&amp;rel=0&amp;showinfo=0&amp;theme=light&amp;wmode=&amp;playsinline=0\" frameborder=\"0\" allowfullscreen allow=\"autoplay; encrypted-media; picture-in-picture\" title=\"\"><\/iframe><\/div>\nPalmaActiva ha abierto esta semana una nueva l\u00ednea de subvenciones para comercios emblem\u00e1ticos dotada con 20.000 euros. As\u00ed lo anunci\u00f3 hoy <strong>Joana Maria Adrover<\/strong>, concejala de Turismo, Comercio y Trabajo, que ha afirmado que el objetivo de estas subvenciones es ayudar a los establecimientos emblem\u00e1ticos mediante ayudas directas. El plazo para presentar solicitudes finaliza el pr\u00f3ximo 25 de noviembre.<\/p>\n<p>Estas ayudas tienen como finalidad colaborar y dar apoyo econ\u00f3mico a los comerciantes y empresarios del sector comercio de la ciudad de Palma: mediante estas subvenciones se pretende disminuir los gastos de estructura y \/ o explotaci\u00f3n de los establecimientos emblem\u00e1ticos atendiendo a su categor\u00eda. Como ha explicado la concejala, los gastos de estructura o explotaci\u00f3n son el conjunto de gastos fijos necesarios que conforman la estructura de funcionamiento de una entidad o empresa y se producen de forma recurrente (compras, variaciones de existencias, servicios exteriores, gastos de personal, tributos, etc &#8230;).<\/p>\n<p>Estas subvenciones est\u00e1n dotadas con 20.000 euros y seg\u00fan su categor\u00eda, los establecimiento pueden recibir ayudas por las siguientes cantidades:<br \/>\n1A &#8211; 350 euros<br \/>\n1B &#8211; 300 euros<br \/>\n2 &#8211; 250 euros<br \/>\n3 &#8211; 200 euros<\/p>\n<p>Si una vez finalizado el plazo para presentar las solicitudes de subvenci\u00f3n no se hubiera agotado todo el cr\u00e9dito dispuesto, el remanente se repartir\u00e1 de forma proporcional para todos los solicitantes y se sumar\u00e1 a los importes otorgados hasta un importe m\u00e1ximo por establecimiento seg\u00fan su categor\u00eda de:<br \/>\n1A &#8211; 700 euros<br \/>\n1B &#8211; 600 euros<br \/>\n2 &#8211; 500 euros<br \/>\n3 &#8211; 400 euros<\/p>\n<h4>Antecendentes<\/h4>\n<p>El Pleno del ayuntamiento de Palma aprob\u00f3 en fecha 31 de mayo de 2018 el \u00abCat\u00e1logo de Establecimientos Emblem\u00e1ticos de Palma\u00bb, con el objetivo de garantizar la continuidad de los establecimientos emblem\u00e1ticos en el lugar donde est\u00e1n situados y de la actividad que se desarrolla, reconociendo su importancia y estableciendo una serie de medidas que contribuyan a su protecci\u00f3n y conservaci\u00f3n.<\/p>\n<p>El concepto \u00abemblem\u00e1tico\u00bb se plantea sobre los siguientes elementos: valor hist\u00f3rico de las actividades comerciales, artesanales y de servicios, relevo generacional, valor cultural \/ singular \/ tradicional, valor tur\u00edstico, valor patrimonial del bien mueble e inmueble, valor social a la entorno donde se ubican &#8230;<\/p>\n<p>Esta iniciativa es una m\u00e1s de las que PalmaActiva ha puesto en marcha para apoyar a los establecimientos catalogados: se han hecho jornadas tem\u00e1ticas, se ha organizado una exposici\u00f3n itinerante, se han hecho campa\u00f1as de promoci\u00f3n en Palma (OPIs, bus EMT, bus tur\u00edstico), se ha aprobado el Cat\u00e1logo Municipal de Establecimientos Emblem\u00e1ticos y, finalmente, se ha hecho un esfuerzo de promoci\u00f3n en la edici\u00f3n de este a\u00f1o en la World Travel Market.<\/p>\n<p>La concejala de Comercio explic\u00f3 tambi\u00e9n que las pr\u00f3ximas semanas se har\u00e1 una campa\u00f1a para Navidad de papel de regalo para comercios y de sobres de pan para los hornos con la imagen de \u00abEmblem\u00e1tico\u00bb, adem\u00e1s tambi\u00e9n se repartir\u00e1n bolsas de compra reutilizables para difundir entre la ciudadan\u00eda esta iniciativa de apoyo al peque\u00f1o comercio y m\u00e1s concretamente, a los establecimientos emblem\u00e1ticos de Palma.<br \/>","protected":false},"excerpt":{"rendered":"<p>Estas nuevas ayudas se pueden solicitar hasta el pr\u00f3ximo 25 de noviembre. PalmaActiva ha abierto esta semana una nueva l\u00ednea de subvenciones para comercios emblem\u00e1ticos dotada con 20.000 euros. As\u00ed lo anunci\u00f3 hoy Joana Maria Adrover, concejala de Turismo, Comercio y Trabajo, que ha afirmado que el objetivo de estas subvenciones es ayudar a los [&hellip;]<\/p>\n","protected":false},"author":1,"featured_media":16950,"comment_status":"open","ping_status":"open","sticky":false,"template":"","format":"standard","meta":{"footnotes":""},"categories":[29,11],"tags":[],"_links":{"self":[{"href":"https:\/\/web.palmaactiva.com\/es\/wp-json\/wp\/v2\/posts\/16949"}],"collection":[{"href":"https:\/\/web.palmaactiva.com\/es\/wp-json\/wp\/v2\/posts"}],"about":[{"href":"https:\/\/web.palmaactiva.com\/es\/wp-json\/wp\/v2\/types\/post"}],"author":[{"embeddable":true,"href":"https:\/\/web.palmaactiva.com\/es\/wp-json\/wp\/v2\/users\/1"}],"replies":[{"embeddable":true,"href":"https:\/\/web.palmaactiva.com\/es\/wp-json\/wp\/v2\/comments?post=16949"}],"version-history":[{"count":2,"href":"https:\/\/web.palmaactiva.com\/es\/wp-json\/wp\/v2\/posts\/16949\/revisions"}],"predecessor-version":[{"id":17637,"href":"https:\/\/web.palmaactiva.com\/es\/wp-json\/wp\/v2\/posts\/16949\/revisions\/17637"}],"wp:featuredmedia":[{"embeddable":true,"href":"https:\/\/web.palmaactiva.com\/es\/wp-json\/wp\/v2\/media\/16950"}],"wp:attachment":[{"href":"https:\/\/web.palmaactiva.com\/es\/wp-json\/wp\/v2\/media?parent=16949"}],"wp:term":[{"taxonomy":"category","embeddable":true,"href":"https:\/\/web.palmaactiva.com\/es\/wp-json\/wp\/v2\/categories?post=16949"},{"taxonomy":"post_tag","embeddable":true,"href":"https:\/\/web.palmaactiva.com\/es\/wp-json\/wp\/v2\/tags?post=16949"}],"curies":[{"name":"wp","href":"https:\/\/api.w.org\/{rel}","templated":true}]}}