{"id":14832,"date":"2018-10-08T12:05:15","date_gmt":"2018-10-08T12:05:15","guid":{"rendered":"https:\/\/web.palmaactiva.com\/?p=14832"},"modified":"2018-10-10T06:15:05","modified_gmt":"2018-10-10T06:15:05","slug":"la-tendencia-del-mercat-laboral-a-palma-segueix-positiva-en-termes-interanuals-aquest-setembre","status":"publish","type":"post","link":"https:\/\/web.palmaactiva.com\/es\/la-tendencia-del-mercat-laboral-a-palma-segueix-positiva-en-termes-interanuals-aquest-setembre\/","title":{"rendered":"La tendencia del mercado laboral en Palma sigue positiva en t\u00e9rminos interanuales en septiembre"},"content":{"rendered":"<h3>Aunque el paro sube por la finalizaci\u00f3n de la temporada de verano, sigue en tasas de antes de la crisis de 2008.<\/h3>\n<div class=\"su-youtube su-u-responsive-media-yes\"><iframe width=\"640\" height=\"360\" src=\"https:\/\/www.youtube.com\/embed\/uxjx_soAvEY?autohide=2&amp;autoplay=0&amp;mute=0&amp;controls=1&amp;fs=1&amp;loop=0&amp;modestbranding=0&amp;rel=0&amp;showinfo=0&amp;theme=light&amp;wmode=&amp;playsinline=0\" frameborder=\"0\" allowfullscreen allow=\"autoplay; encrypted-media; picture-in-picture\" title=\"\"><\/iframe><\/div>\n<strong>Joana Maria Adrover<\/strong>, concejala de Turismo, Comercio y Trabajo, ha comparecido hoy para dar los \u00faltimos datos del mercado de trabajo, destacando que en Palma sigue una evoluci\u00f3n positiva tanto del empleo como de el paro, que siguen presentando incrementos en t\u00e9rminos de tasas interanuales. <em>\u00abSi bien es l\u00f3gica la subida por la finalizaci\u00f3n de la temporada estival, seguimos registrando datos interanuales que nos sit\u00faan en tasas de empleo de antes de la crisis\u00bb<\/em>, explic\u00f3 Adrover.<br \/>\n\n<img decoding=\"async\" loading=\"lazy\" src=\"https:\/\/web.palmaactiva.com\/wp-content\/uploads\/2018\/10\/graf1.jpg\" alt=\"\" width=\"1320\" height=\"426\" class=\"alignnone size-full wp-image-14833\" \/><\/p>\n<h4>Ocupaci\u00f3n del mes de agosto<\/h4>\nEn t\u00e9rminos intermensuales observamos una evoluci\u00f3n negativa del paro, durante los meses de julio, agosto y septiembre se ve un incremento del paro desde el mes de junio. Lo mismo sucede con el n\u00famero de afiliaciones.<\/p>\n<p>\u2022 La cifra de paro en el mes de septiembre 18.730 personas paradas<br \/>\n\u2022 La cifra de afiliaci\u00f3n en agosto 236.175 personas afiliadas.<\/p>\n<p>Adrover ha afirmado que <em>\u00aben t\u00e9rminos interanuales en Palma continuamos con una evoluci\u00f3n positiva tanto en el empleo como en paro que siguen presentando incrementos y descenso respectivamente\u00bb<\/em>. La cifra absoluta de afiliaciones sigue siendo m\u00e1s alta (236.175 personas afiliadas) que las que ten\u00edamos antes del a\u00f1o 2008. Esta cifra implica respecto al mes de agosto de 2017, un aumento de 5.884 personas ocupadas, que supone un incremento del 2.6%. Si lo comparamos con el mes de julio de 2018 el descenso es del 1.6%.<br \/>\n\n<img decoding=\"async\" loading=\"lazy\" src=\"https:\/\/web.palmaactiva.com\/wp-content\/uploads\/2018\/10\/graf2.jpg\" alt=\"\" width=\"1153\" height=\"519\" class=\"alignnone size-full wp-image-14834\" \/><br \/>\nLa cifra de afiliaci\u00f3n a la Seguridad Social del pasado mes de agosto, 236.175 ocupados, si se compara con cualquier mes de agosto desde el a\u00f1o 2008 (225.119 afiliados \/ as), es la m\u00e1s elevada de los \u00faltimos 10 a\u00f1os, y como ya he dicho antes m\u00e1s elevada que antes de iniciar la crisis.<br \/>\nLa mayor parte del crecimiento interanual de este mes de agosto se produce al r\u00e9gimen general, con 5.506 asalariados \/ as m\u00e1s que al mismo mes de 2017, que supone un incremento del 2.8%.<br \/>\nLos aut\u00f3nomos aumentan en 623 altas, un 2.2% sobre agosto del a\u00f1o pasado.<br \/>\nEl de cada r\u00e9gimen sobre el total de la afiliaci\u00f3n en Palma, que se mantiene en los porcentajes habituales: el r\u00e9gimen general con un peso del total del 85%<\/p>\n<p>Las actividades que presentan m\u00e1s afiliaci\u00f3n son:<br \/>\n\u2022 Comercio que tiene 40.604 afiliados \/ as que representa un 17% del total de afiliaciones.<br \/>\n\u2022 Hosteler\u00eda con 38.834 personas afiliadas que son el 16% del total de afiliaciones.<br \/>\n\u2022 Actividades administrativas con 26.560 efectivos suponen un 11% del total.<br \/>\n\u2022 Actividades sanitarias 26.485 afiliados \/ as representa 11% del total.<br \/>\n\n<h4>Contrataci\u00f3n del mes de septiembre<\/h4>\nPalma registr\u00f3 18.188 contratos laborales. Si se compara esta cifra de contrataci\u00f3n con la del mes anterior, aument\u00f3 en 1.932 contratos m\u00e1s, lo que representa un incremento del 11.9% y un 0,9,% menos que en igual mes del a\u00f1o 2017. Aunque la cifra de contrataci\u00f3n ha disminuido en septiembre respeta el a\u00f1o 2017 si que se ha incrementado respecto al mes de agosto en un 11,9%. Respecto al an\u00e1lisis de la situaci\u00f3n de contrataci\u00f3n es que nos situamos por niveles superiores a los a\u00f1os 2005 y 2006, es decir, de antes de la crisis.<\/p>\n<p>De estas contrataciones, el 88% se pr odueixen en el sector servicios, que suma un total de 16.010 contratos de los que:<br \/>\n\u2022 La hosteler\u00eda ha tenido 3.935 contratos en el mes de septiembre un 14,1% menos que en el mes anterior, con un peso de casi el 21,6% del total de contrataciones en septiembre.<br \/>\n\u2022 Comercio con 2.062 contrataciones en el mes de septiembre, un 2,6% m\u00e1s que en el mes anterior, y tiene un peso de un 11,3% del total de contrataciones de este mes.<\/p>\n<p>Hay un ligero incremento en agricultura, industria y construcci\u00f3n (un 19%, 0,5% y un 2,1% respectivamente); y una descenso a servicios de un 1,3%.<\/p>\n<p><strike>La contrataci\u00f3n indefinida respecto al mismo mes de 2017 disminuy\u00f3 un 29.3% y un 32.7% respecto al mes de agosto de 2018. Se han realizado 16.324 contratos temporales los que suponen un 90% del total. Adrover lament\u00f3 este hecho y ha destacado <em>\u00abque supone una mala noticia en la positividad general de los datos\u00bb<\/em>.<\/strike> La contrataci\u00f3n indefinida respecto al mismo mes de 2017 se ha incrementado un 18,6% y un 13% respecto al mes de agosto de 2018. Se han realizado 3.129 contratos indefinidos los que suponen un 17% del total.<br \/>\n\n<h4>Paro registrado el mes de septiembre<\/h4>\nPalma registra 18.730 parados, 551 m\u00e1s que el mes pasado y 1.083 menos que en septiembre del 2017. La buena noticia es que sigue bajando en relaci\u00f3n a los a\u00f1os anteriores y as\u00ed, este mes de septiembre registra 1.083 personas en paro menos, un 5,47% menos que en septiembre del 2017.<\/p>\n<p>Adrover ha querido destacar que <em>\u00abla evoluci\u00f3n interanual es mejor que la del conjunto de las islas, que es del -4,18% en Mallorca y -3,93% en Baleares\u00bb<\/em>.<br \/>\n\n<img decoding=\"async\" loading=\"lazy\" src=\"https:\/\/web.palmaactiva.com\/wp-content\/uploads\/2018\/10\/graf3.jpg\" alt=\"\" width=\"1158\" height=\"390\" class=\"alignnone size-full wp-image-14836\" \/><br \/>\nPor sectores econ\u00f3micos donde m\u00e1s ha disminuido el paro respecto al mes de septiembre del 2017 es Agricultura (-15,5%) y en Industria (10,2%). Adrover destaca <em>\u00abque descienden Construcci\u00f3n y Servicios con un -7,7% y un -5,8% de parados menos respectivamente sobre el mes de septiembre del a\u00f1o pasado\u00bb<\/em>.<\/p>\n<p>En el sector servicios la disminuci\u00f3n del paro proviene por partes iguales de hosteler\u00eda Comercio y dem\u00e1s servicios que se han reducido alrededor de un 5% menos cada uno.<\/p>\n<p>En t\u00e9rminos de de edad y tiempo de paro, el descenso corresponde mayoritariamente a los parados de m\u00e1s de 45 a\u00f1os 7,8% menos en variaci\u00f3n interanual que representan el 49% de las personas paradas. Los parados que llevan 12 meses o m\u00e1s suman un 35% del total y hay que destacar que los que llevan menos de 3 meses suponen 38%.<br \/>\n\n<h4>Datos de la Agencia de Colocaci\u00f3n de PalmaActiva<\/h4>\nDurante su comparecencia, la concejala de ha dado los \u00faltimos datos de la Agencia de Colocaci\u00f3n de PalmaActiva y ha destacado especialmente el papel que ha jugado las Jornadas de Selecci\u00f3n, una iniciativa que se cre\u00f3 hace tres a\u00f1os. Durante el 2017 se solicitaron un total de 547 puestos de trabajo, a los 9 meses de 2018 ya se han solicitado un total de 741 lugares lo que supone un incremento de casi el 34% respecto a todo el a\u00f1o 2017 . Este puestos de trabajo tienen unos requisitos altos de conocimientos de idiomas, lo que hace que el n\u00famero de candidaturas respecto al n\u00famero de asistencia sea muy diferente. Adem\u00e1s las empresas hacen procesos de selecci\u00f3n paralelos respecto que las colocaciones sean en vez del 11% a los dos periodos.<\/p>\n<p>En el a\u00f1o 2017 se hicieron 12 jornadas de selecci\u00f3n y los 9 meses que llevamos de 2018 se han realizado 13 jornadas de selecci\u00f3n. 2017 asistieron 802 personas y el 2018 se han presentado 962 personas, un 58,6%.<\/p>\n<p>Durante el tercer trimestre del a\u00f1o 2018 se han realizado un total de 694 inscripciones en la agencia de colocaci\u00f3n, un 5,83% menos que en 2017, dato positivo ya que va paralela a la recuperaci\u00f3n del mercado laboral y el aumento de las contrataciones. Las mujeres con casi un 61% son el colectivo con m\u00e1s inscripciones 2018, mientras que los hombres suponen un 39%. Los mayores de 45 a\u00f1os (208 inscritos) son las personas que m\u00e1s han demandado la inscripci\u00f3n a la agencia de colocaci\u00f3n durante este segundo trimestre de 2018, pero est\u00e1 un 26% m\u00e1s bajo que en el mismo periodo de 2017. Los siguen las personas entre 25 y 34 a\u00f1os (191 inscritos).<\/p>\n<p>De la misma forma que han bajado las inscripciones agencia de colocaci\u00f3n al tercer trimestre de 2018, las atenciones individuales para orientaci\u00f3n laboral tambi\u00e9n han bajado respecto al mismo periodo de 2017. En este trimestre de 2018 ha habido un total de 385 intervenciones individuales, mientras que en el mismo periodo de 2017 fueron 551, es decir un 30% menos. El edil de Trabajo recalca <em>\u00ablo valoramos de forma positiva ya que pensamos que es por la mejora del mercado laboral y por lo tanto el aumento de contrataciones.<\/p>\n<p>Las mujeres son el colectivo con m\u00e1s pide con un peso del total del 54,26%, aunque la tendencia ha bajado respecto al mismo periodo de 2017 en un 27%\u00bb.<\/p>\n<p>Por franjas de edad, al igual que en las inscripciones, los mayores de 45 a\u00f1os son las personas que m\u00e1s orientaciones individuales han recibido, aunque ha sido un 31,5% de menos respeta el 2017. El peso sobre el tercer trimestre de 2018 ha estado del 53% del total. Los siguen las personas entre 35 y 44 a\u00f1os, con un 21,3% del total. La concejala comenta <em>\u00abobserva que son las personas con m\u00e1s edad las que m\u00e1s demandan una atenci\u00f3n m\u00e1s individual para hacer los itinerarios de orientaci\u00f3n y mejorar sus posibilidades de inserci\u00f3n laboral\u00bb<\/em>.<\/p>\n<p>Las inserciones desde agencia de colocaci\u00f3n de PalmaActiva durante el tercer trimestre de 2018 se han incrementado casi un 2% respecto al mismo periodo de 2017.<\/p>\n<p>La contrataci\u00f3n de mujeres se ha incrementado en un 33% respecto al 2017 y supone un 52,5% del total de las contrataciones durante el tercer trimestre de 2018.<\/p>\n<p>En relaci\u00f3n a los grupos de edad encontramos que los hombres de m\u00e1s de 45 a\u00f1os son el colectivo con m\u00e1s inserciones (39 hombres, un 32% sobre el total de este trimestre 2018), mientras que las mujeres con m\u00e1s inserciones son el grupo entre 35 y 44 a\u00f1os con 22 colocaciones (un 18% del total del trimestre de 2018).<br \/>\n\n<h4>Datos del comercio en Palma<\/h4>\nEn relaci\u00f3n con estos aumentos de empleo, la concejala ha mostrado tambi\u00e9n <em>\u00abla evoluci\u00f3n del \u00cdndice de Ocupaci\u00f3n del Comercio al por menor para Espa\u00f1a y Baleares (ICM), que elabora el Instituto Nacional de Estad\u00edstica (INE)\u00bb<\/em>.<\/p>\n<p>El \u00cdndice estudia la poblaci\u00f3n formada por las empresas de Comercio al por menor, exceptuando el comercio de veh\u00edculos de motor y motocicletas, y se elabora encuestando una muestra aproximada de 12.500 empresas ubicadas en todo el territorio nacional, tanto grandes superficies como peque\u00f1o comercios.<\/p>\n<p>A todas se les pide, mediante cuestionario, cu\u00e1ntas personas ocupan cada mes, incluyendo tanto al personal remunerado como no remunerado (propietarios, familiares, personal de mantenimiento &#8230;) Esta ser\u00eda la principal diferencia con los datos de afiliaci\u00f3n de la Seguridad Social, pues proporciona una visi\u00f3n m\u00e1s completa y ajustada a la realidad.<\/p>\n<p>El \u00cdndice se calcula con diferentes f\u00f3rmulas encadenadas que miden las variaciones en el empleo sufridas a partir del a\u00f1o base, que es 2015.<\/p>\n<p>El \u00edndice de ocupaci\u00f3n en Baleares, es superior a la media espa\u00f1ola sobre todo los a\u00f1os 2015 y 2016 convergiendo desde el a\u00f1o 2017 en la actualidad para la mejora del sector del comercio en Espa\u00f1a, incluso seguimos estando por encima de la media.<\/p>\n<p>Junto con este \u00cdndice, el Instituto nacional de Estad\u00edstica (INE) tambi\u00e9n proporciona el \u00cdndice de Cifra de Negocio de estos comercios, que recoge en la misma encuesta.<\/p>\n<p>Como se ve, tambi\u00e9n en este caso la evoluci\u00f3n de las islas es mejor que la media espa\u00f1ola. Como esta es una encuesta para toda la Comunidad Aut\u00f3noma, no disponemos de los datos desagregados para Palma, por lo que no voy a entrar en m\u00e1s detalle aqu\u00ed.<br \/>\n\n<img decoding=\"async\" loading=\"lazy\" src=\"https:\/\/web.palmaactiva.com\/wp-content\/uploads\/2018\/10\/graf4.jpg\" alt=\"\" width=\"819\" height=\"468\" class=\"alignnone size-full wp-image-14838\" \/><br \/>\nEl gr\u00e1fico muestra el comportamiento de los datos de afiliaci\u00f3n del sector comercio del mes de agosto. Podemos observar la evoluci\u00f3n tan positiva que est\u00e1 teniendo a efectos de ocupaci\u00f3n con un incremento del 16% respecto a agosto de 2015 y con 711 ocupados m\u00e1s respecto agosto de 2017<\/p>\n<p>Adrover hizo hincapi\u00e9 en destacar <em>\u00abel efecto de esta evoluci\u00f3n, tan positiva en t\u00e9rminos de negocio como de empleo, en las afiliaciones registradas en el comercio en Palma. En primer lugar, Palma representa casi la mitad del empleo del conjunto de Baleares (exactamente, un 45% y un 57% sobre Mallorca). Pero lo que quiero destacar sobre todo es que el componente estacional del empleo, que en el gr\u00e1fico se representa en forma de curvas, con una l\u00ednea que sube a los meses de verano y desciende a los de invierno, es mucho m\u00e1s suave en el caso de Palma que en el del conjunto de Baleares, lo que indica la estabilidad de la que goza la gente que trabaja el sector\u00bb.<\/em><br \/>\n\n<img decoding=\"async\" loading=\"lazy\" src=\"https:\/\/web.palmaactiva.com\/wp-content\/uploads\/2018\/10\/graf5.jpg\" alt=\"\" width=\"851\" height=\"379\" class=\"alignnone size-full wp-image-14839\" \/><br \/>\nLa concejala tambi\u00e9n a aprovechado para compartir algunas noticias como las ayudas al peque\u00f1o comercio, explicando que esta subvenci\u00f3n ha llegado este a\u00f1o a la 3\u00aa edici\u00f3n consecutiva y con un incremento presupuestario en relaci\u00f3n con las ediciones anteriores, dado que se destinan hasta 100.000 \u20ac .<\/p>\n<p>Al 1\u00ba. periodo (que termin\u00f3 el 15 de mayo) se presentaron 33 solicitudes y finalmente se han subvencionado 27 establecimientos.<\/p>\n<p>En el 2\u00ba periodo (finaliz\u00f3 el 10 de septiembre) se han presentado 32 solicitudes, las cuales se han evaluado y se han enviado del los requerimientos de enmienda a los que sufr\u00edan de alguna carencia de documentaci\u00f3n. Cabe destacar que se han modificado algunos de los criterios de valoraci\u00f3n para:<\/p>\n<p>&#8211; poner en valor las empresas que est\u00e1n dirigidas y gestionadas por mujeres.<br \/>\n&#8211; tambi\u00e9n se ha dado una mayor puntuaci\u00f3n a aquellas empresas que han consolidado puestos de trabajo haciendo contratos indefinidos.<\/p>\n<p>En conjunto, se ha observado que las subvenciones han convertido en una elemento dinamizador y estimulante de la actividad comercial, ya que se ha invertido en mejora tecnol\u00f3gica, mejora de la imagen, mejora energ\u00e9tica, supresi\u00f3n de las barreras arquitect\u00f3nicas y mejora de la seguridad<\/p>\n<p>Adrover ha APRL asimismo sobre la exposici\u00f3n fotogr\u00e1fica del cat\u00e1logo de establecimientos emblem\u00e1ticos de Palma que se puede visitar desde principios de octubre en la plaza Madrid, poteriorment se prev\u00e9 que vaya a la zona de es Viver y as\u00ed a otros lugares de la ciudad con el objetivo de sensibilizar a la ciudadan\u00eda. Cabe destacar que estos establecimientos se promocionar\u00e1n en la World Travel Market (del 5 al 7 de noviembre) a trav\u00e9s de la Fundaci\u00f3n de Turismo<\/p>\n<p>Tambi\u00e9n ha destacado que <em>\u00abdesde Comercio se lleva a cabo el fomento y la promoci\u00f3n del comercio de la ciudad, entendido en el formato de comercio de proximidad, de peque\u00f1o comercio. Una de las v\u00edas de actuaci\u00f3n para conseguirlo es apoyando las iniciativas y campa\u00f1as de dinamizaci\u00f3n comercial que promueven las asociaciones y las patronales del comercio a lo largo del a\u00f1o, y para las que se tramitan las autorizaciones municipales adecuadas y se coordinan las actuaciones de log\u00edstica que puedan necesitar\u00bb<\/em>.<\/p>\n<p>Finalmente, la concejala ha explicado la iniciaitva del mes de septiembre de mujeres emprendedoras en el Quiosco de PalmaActiva: el Quiosco ha acogido durante todo el mes de septiembre 8 mujeres emprendedoras que han mostrado su trabajo y realizado talleres y charlas.<\/p>\n<p>Estas mujeres emprendedoras ha ofrecido una gran variedad de actividades durante el mes de septiembre, todas de manera gratuita. Algunas de las actividades que han tenido lugar son talleres de coaching, talleres de creaci\u00f3n art\u00edstica, asesoramientos expreso en dise\u00f1o de interiores, exposici\u00f3n de maquetas &#8230;<\/p>\n<p>El Quiosco de PalmaActiva, ubicado en la plaza del Olivar, es un espacio donde las empresas, emprendedores y entidades pueden exponer y testar temporalmente sus productos y servicios. Este es el segundo a\u00f1o que durante el verano el Quiosco se reserva para mujeres emprendedoras.<br \/>","protected":false},"excerpt":{"rendered":"<p>Aunque el paro sube por la finalizaci\u00f3n de la temporada de verano, sigue en tasas de antes de la crisis de 2008. Joana Maria Adrover, concejala de Turismo, Comercio y Trabajo, ha comparecido hoy para dar los \u00faltimos datos del mercado de trabajo, destacando que en Palma sigue una evoluci\u00f3n positiva tanto del empleo como [&hellip;]<\/p>\n","protected":false},"author":1,"featured_media":0,"comment_status":"open","ping_status":"open","sticky":false,"template":"","format":"standard","meta":{"footnotes":""},"categories":[12,11],"tags":[31],"_links":{"self":[{"href":"https:\/\/web.palmaactiva.com\/es\/wp-json\/wp\/v2\/posts\/14832"}],"collection":[{"href":"https:\/\/web.palmaactiva.com\/es\/wp-json\/wp\/v2\/posts"}],"about":[{"href":"https:\/\/web.palmaactiva.com\/es\/wp-json\/wp\/v2\/types\/post"}],"author":[{"embeddable":true,"href":"https:\/\/web.palmaactiva.com\/es\/wp-json\/wp\/v2\/users\/1"}],"replies":[{"embeddable":true,"href":"https:\/\/web.palmaactiva.com\/es\/wp-json\/wp\/v2\/comments?post=14832"}],"version-history":[{"count":5,"href":"https:\/\/web.palmaactiva.com\/es\/wp-json\/wp\/v2\/posts\/14832\/revisions"}],"predecessor-version":[{"id":14911,"href":"https:\/\/web.palmaactiva.com\/es\/wp-json\/wp\/v2\/posts\/14832\/revisions\/14911"}],"wp:attachment":[{"href":"https:\/\/web.palmaactiva.com\/es\/wp-json\/wp\/v2\/media?parent=14832"}],"wp:term":[{"taxonomy":"category","embeddable":true,"href":"https:\/\/web.palmaactiva.com\/es\/wp-json\/wp\/v2\/categories?post=14832"},{"taxonomy":"post_tag","embeddable":true,"href":"https:\/\/web.palmaactiva.com\/es\/wp-json\/wp\/v2\/tags?post=14832"}],"curies":[{"name":"wp","href":"https:\/\/api.w.org\/{rel}","templated":true}]}}